{"id":19030,"date":"2025-04-25T07:20:55","date_gmt":"2025-04-25T10:20:55","guid":{"rendered":"https:\/\/blogs.correiobraziliense.com.br\/capital-sa\/?p=19030"},"modified":"2025-04-25T11:37:47","modified_gmt":"2025-04-25T14:37:47","slug":"maior-tela-de-cinema-a-ceu-aberto-em-brasilia","status":"publish","type":"post","link":"https:\/\/blogs.correiobraziliense.com.br\/capital-sa\/2025\/04\/25\/maior-tela-de-cinema-a-ceu-aberto-em-brasilia\/","title":{"rendered":"Maior tela de cinema a c\u00e9u aberto em Bras\u00edlia"},"content":{"rendered":"<p class=\"p1\"><strong>Por Samanta Sallum\u00a0<\/strong><\/p>\n<p class=\"p1\"><span class=\"s2\">Nove anos ap\u00f3s a \u00faltima edi\u00e7\u00e3o em Bras\u00edlia, o cinema Open Air Brasil est\u00e1 de volta. Apresentado pelo Minist\u00e9rio da Cultura e pelo Nubank, a coluna conta em primeira m\u00e3o que a nova temporada ser\u00e1 de 3 a 15 de junho, no Pont\u00e3o do Lago Sul. <\/span><\/p>\n<p class=\"p1\"><span class=\"s2\">O p\u00fablico da capital poder\u00e1 assistir a filmes na maior tela de cinema a c\u00e9u aberto do mundo, em uma\u00a0incompar\u00e1vel experi\u00eancia audiovisual.<br \/>\n<\/span><\/p>\n<p>A programa\u00e7\u00e3o completa ser\u00e1 anunciada em breve. A venda de ingressos ter\u00e1 in\u00edcio no dia 7 de maio, e os clientes Nubank ter\u00e3o direito \u00e0 pr\u00e9-venda exclusiva nos dias 5 e 6.<\/p>\n<p class=\"p1\"><span class=\"s2\">Com uma programa\u00e7\u00e3o para agradar a diversos p\u00fablicos &#8211; dos cl\u00e1ssicos aos infantis, passando por g\u00eaneros variados -, al\u00e9m de shows e atra\u00e7\u00f5es art\u00edsticas que dialogam com as sess\u00f5es, o <\/span><span class=\"s3\">Open Air Brasil,<\/span><span class=\"s2\">\u00a0\u00e9 uma enorme celebra\u00e7\u00e3o ao cinema.<\/span><\/p>\n","protected":false},"excerpt":{"rendered":"<p>Por Samanta Sallum\u00a0 Nove anos ap\u00f3s a \u00faltima edi\u00e7\u00e3o em Bras\u00edlia, o cinema Open Air Brasil est\u00e1 de volta. Apresentado pelo Minist\u00e9rio da Cultura e pelo Nubank, a coluna conta em primeira m\u00e3o que a nova temporada ser\u00e1 de 3 a 15 de junho, no Pont\u00e3o do Lago Sul. O p\u00fablico da capital poder\u00e1 assistir a filmes na maior tela [&hellip;]<\/p>\n","protected":false},"author":125,"featured_media":19035,"comment_status":"open","ping_status":"open","sticky":false,"template":"","format":"standard","meta":{"footnotes":""},"categories":[6],"tags":[1928,574,2590,2418,2889,2890],"class_list":["post-19030","post","type-post","status-publish","format-standard","has-post-thumbnail","hentry","category-coluna-capital-s-a","tag-cinema","tag-cultura","tag-entretenimento","tag-ministeriodacultura","tag-nubank","tag-openairbrasil"],"_links":{"self":[{"href":"https:\/\/blogs.correiobraziliense.com.br\/capital-sa\/wp-json\/wp\/v2\/posts\/19030","targetHints":{"allow":["GET"]}}],"collection":[{"href":"https:\/\/blogs.correiobraziliense.com.br\/capital-sa\/wp-json\/wp\/v2\/posts"}],"about":[{"href":"https:\/\/blogs.correiobraziliense.com.br\/capital-sa\/wp-json\/wp\/v2\/types\/post"}],"author":[{"embeddable":true,"href":"https:\/\/blogs.correiobraziliense.com.br\/capital-sa\/wp-json\/wp\/v2\/users\/125"}],"replies":[{"embeddable":true,"href":"https:\/\/blogs.correiobraziliense.com.br\/capital-sa\/wp-json\/wp\/v2\/comments?post=19030"}],"version-history":[{"count":6,"href":"https:\/\/blogs.correiobraziliense.com.br\/capital-sa\/wp-json\/wp\/v2\/posts\/19030\/revisions"}],"predecessor-version":[{"id":19045,"href":"https:\/\/blogs.correiobraziliense.com.br\/capital-sa\/wp-json\/wp\/v2\/posts\/19030\/revisions\/19045"}],"wp:featuredmedia":[{"embeddable":true,"href":"https:\/\/blogs.correiobraziliense.com.br\/capital-sa\/wp-json\/wp\/v2\/media\/19035"}],"wp:attachment":[{"href":"https:\/\/blogs.correiobraziliense.com.br\/capital-sa\/wp-json\/wp\/v2\/media?parent=19030"}],"wp:term":[{"taxonomy":"category","embeddable":true,"href":"https:\/\/blogs.correiobraziliense.com.br\/capital-sa\/wp-json\/wp\/v2\/categories?post=19030"},{"taxonomy":"post_tag","embeddable":true,"href":"https:\/\/blogs.correiobraziliense.com.br\/capital-sa\/wp-json\/wp\/v2\/tags?post=19030"}],"curies":[{"name":"wp","href":"https:\/\/api.w.org\/{rel}","templated":true}]}}