{"id":19018,"date":"2025-04-24T17:08:59","date_gmt":"2025-04-24T20:08:59","guid":{"rendered":"https:\/\/blogs.correiobraziliense.com.br\/capital-sa\/?p=19018"},"modified":"2025-04-25T11:19:59","modified_gmt":"2025-04-25T14:19:59","slug":"justica-manda-inss-ressarcir-associados-da-abrasel-df","status":"publish","type":"post","link":"https:\/\/blogs.correiobraziliense.com.br\/capital-sa\/2025\/04\/24\/justica-manda-inss-ressarcir-associados-da-abrasel-df\/","title":{"rendered":"Justi\u00e7a manda INSS ressarcir associados da Abrasel DF"},"content":{"rendered":"<p class=\"p1\"><strong>Por Samanta Sallum\u00a0<\/strong><\/p>\n<p class=\"p1\"><span class=\"s1\">A Associa\u00e7\u00e3o de Bares e Restaurantes do DF obteve grande vit\u00f3ria em a\u00e7\u00e3o judicial que transitou em julgado, n\u00e3o cabendo mais recursos. A decis\u00e3o concede aos empres\u00e1rios associados e enquadrados no Lucro Real ou Presumido o direito ao ressarcimento, retroativo a 2008, de verbas patronais, referentes a pagamentos indevidos de INSS.<\/span><\/p>\n<p><span class=\"s1\">Os valores recuper\u00e1veis incluem os que foram recolhidos em coma do pagamento de aux\u00edlio-doen\u00e7a, aux\u00edlio-acidente, sal\u00e1rio maternidade e 1\/3 de f\u00e9rias.<\/span><\/p>\n<p class=\"p1\"><span class=\"s1\">O benef\u00edcio vem em momento importante para o setor, que ainda se recupera dos preju\u00edzos do per\u00edodo de pandemia. Muitas empresas ainda pagam d\u00edvidas da \u00e9poca.<\/span><\/p>\n<blockquote>\n<p class=\"p1\"><span class=\"s1\">&#8220;Muitos empres\u00e1rios evitam os reajustes para n\u00e3o afastar os clientes, o que acaba os mantendo no ciclo do endividamento. Essa press\u00e3o sobre a lucratividade \u00e9 desafiadora para nossa atividade. Esperamos que essa vit\u00f3ria judicial venha como uma ajuda financeira aos nossos associados para terem f\u00f4lego de manterem as opera\u00e7\u00f5es\u201d, explicou o presidente da Abrasel-DF, Beto Pinheiro.<\/span><\/p>\n<\/blockquote>\n<p>A a\u00e7\u00e3o foi ajuizada em parceria com o escrit\u00f3rio de advocacia Nelson Williams. Agora os empres\u00e1rios associados devem procurar o escrit\u00f3rio para ser calculado o que o INSS deve a cada um. Quem se associar \u00e0 Abrasel ter\u00e1 o direito garantido.<\/p>\n<p class=\"p1\"><strong><span class=\"s1\">Ciclo de endividamento <\/span><\/strong><\/p>\n<p class=\"p1\"><span class=\"s1\">Pesquisa da Abrasel revelou oscila\u00e7\u00f5es no desempenho financeiro das empresas. Em fevereiro, 39% dos neg\u00f3cios operaram com lucro, enquanto outros 26% fecharam o m\u00eas no preju\u00edzo. A Infla\u00e7\u00e3o<span class=\"Apple-converted-space\">\u00a0 <\/span>preocupa os empres\u00e1rios.<\/span><\/p>\n<p class=\"p1\"><span class=\"s1\">Com o aumento nos custos operacionais, muitos seguem enfrentando dificuldades para reajustar os pre\u00e7os dos card\u00e1pios. Segundo o levantamento, 25% dos estabelecimentos n\u00e3o conseguiram realizar qualquer reajuste. Outros 61% conseguiram reajustar os valores conforme ou abaixo da infla\u00e7\u00e3o.<\/span><\/p>\n","protected":false},"excerpt":{"rendered":"<p>Por Samanta Sallum\u00a0 A Associa\u00e7\u00e3o de Bares e Restaurantes do DF obteve grande vit\u00f3ria em a\u00e7\u00e3o judicial que transitou em julgado, n\u00e3o cabendo mais recursos. A decis\u00e3o concede aos empres\u00e1rios associados e enquadrados no Lucro Real ou Presumido o direito ao ressarcimento, retroativo a 2008, de verbas patronais, referentes a pagamentos indevidos de INSS. Os valores recuper\u00e1veis incluem os que [&hellip;]<\/p>\n","protected":false},"author":125,"featured_media":19022,"comment_status":"open","ping_status":"open","sticky":false,"template":"","format":"standard","meta":{"footnotes":""},"categories":[6],"tags":[712,364,226,695,276,417,900,304,950,2512],"class_list":["post-19018","post","type-post","status-publish","format-standard","has-post-thumbnail","hentry","category-coluna-capital-s-a","tag-abrasel","tag-beneficio","tag-betopinheiro","tag-despesas","tag-economia","tag-endividamento","tag-inss","tag-lucro","tag-reajuste","tag-ressarcimento"],"_links":{"self":[{"href":"https:\/\/blogs.correiobraziliense.com.br\/capital-sa\/wp-json\/wp\/v2\/posts\/19018","targetHints":{"allow":["GET"]}}],"collection":[{"href":"https:\/\/blogs.correiobraziliense.com.br\/capital-sa\/wp-json\/wp\/v2\/posts"}],"about":[{"href":"https:\/\/blogs.correiobraziliense.com.br\/capital-sa\/wp-json\/wp\/v2\/types\/post"}],"author":[{"embeddable":true,"href":"https:\/\/blogs.correiobraziliense.com.br\/capital-sa\/wp-json\/wp\/v2\/users\/125"}],"replies":[{"embeddable":true,"href":"https:\/\/blogs.correiobraziliense.com.br\/capital-sa\/wp-json\/wp\/v2\/comments?post=19018"}],"version-history":[{"count":5,"href":"https:\/\/blogs.correiobraziliense.com.br\/capital-sa\/wp-json\/wp\/v2\/posts\/19018\/revisions"}],"predecessor-version":[{"id":19041,"href":"https:\/\/blogs.correiobraziliense.com.br\/capital-sa\/wp-json\/wp\/v2\/posts\/19018\/revisions\/19041"}],"wp:featuredmedia":[{"embeddable":true,"href":"https:\/\/blogs.correiobraziliense.com.br\/capital-sa\/wp-json\/wp\/v2\/media\/19022"}],"wp:attachment":[{"href":"https:\/\/blogs.correiobraziliense.com.br\/capital-sa\/wp-json\/wp\/v2\/media?parent=19018"}],"wp:term":[{"taxonomy":"category","embeddable":true,"href":"https:\/\/blogs.correiobraziliense.com.br\/capital-sa\/wp-json\/wp\/v2\/categories?post=19018"},{"taxonomy":"post_tag","embeddable":true,"href":"https:\/\/blogs.correiobraziliense.com.br\/capital-sa\/wp-json\/wp\/v2\/tags?post=19018"}],"curies":[{"name":"wp","href":"https:\/\/api.w.org\/{rel}","templated":true}]}}