{"id":19008,"date":"2025-04-24T15:07:09","date_gmt":"2025-04-24T18:07:09","guid":{"rendered":"https:\/\/blogs.correiobraziliense.com.br\/capital-sa\/?p=19008"},"modified":"2025-04-24T16:34:04","modified_gmt":"2025-04-24T19:34:04","slug":"conselho-da-mulher-empreendedora-amplia-presenca-no-df","status":"publish","type":"post","link":"https:\/\/blogs.correiobraziliense.com.br\/capital-sa\/2025\/04\/24\/conselho-da-mulher-empreendedora-amplia-presenca-no-df\/","title":{"rendered":"Conselho da Mulher Empreendedora amplia presen\u00e7a no DF"},"content":{"rendered":"<p class=\"p1\"><strong>Por Samanta Sallum\u00a0<\/strong><\/p>\n<p class=\"p1\"><span class=\"s2\">Uma Iniciativa est\u00e1<span class=\"Apple-converted-space\">\u00a0<\/span>fortalecendo o protagonismo feminino no empreendedorismo. <\/span><span class=\"s3\">O Conselho da Mulher Empreendedora e da Cultura do Distrito Federal (CMEC-DF) est\u00e1 em expans\u00e3o e oficializou a instala\u00e7\u00e3o de dois n\u00facleos: <\/span><span class=\"s1\">CMEC Sudoeste<\/span><span class=\"s3\">, sob a presid\u00eancia da empres\u00e1ria <\/span><span class=\"s1\">Lili Lima;\u00a0<\/span><span class=\"s3\">e o <\/span><span class=\"s1\">CMEC Setor de Clubes Sul e Norte<\/span><span class=\"s3\">, liderado por <\/span><span class=\"s1\">Caroline Chiodi<\/span><span class=\"s3\">.<\/span><\/p>\n<p>A cerim\u00f4nia marcou n\u00e3o apenas a cria\u00e7\u00e3o de dois colegiados estrat\u00e9gicos, como tamb\u00e9m a <span class=\"s1\">posse de presidentes e vice-presidentes dos CMECs j\u00e1 existentes<\/span><span class=\"s3\">. O compromisso da institui\u00e7\u00e3o \u00e9 com o fortalecimento da economia criativa e da representatividade feminina em diversas regi\u00f5es administrativas (veja o v\u00eddeo abaixo).<\/span><\/p>\n<p class=\"p1\"><span class=\"s3\">Participaram do evento na sede, em Bras\u00edlia, da Confedera\u00e7\u00e3o das Associa\u00e7\u00f5es Comerciais do Brasil (CACB), a presidente do CMEC\/DF, empres\u00e1ria <\/span><span class=\"s1\">Beatriz Guimar\u00e3es; o\u00a0<\/span><span class=\"s3\">presidente da Federa\u00e7\u00e3o das Associa\u00e7\u00f5es Comerciais e Industriais do DF, Valdeci Machado; a secret\u00e1ria da Mulher, Giselle Ferreira, al\u00e9m de outras autoridades e convidados.<\/span><\/p>\n<p><img loading=\"lazy\" decoding=\"async\" class=\"aligncenter size-medium wp-image-19012\" src=\"https:\/\/blogs.correiobraziliense.com.br\/capital-sa\/wp-content\/uploads\/sites\/59\/2025\/04\/0f04d5b5-6752-4513-9603-c24b47ddd96f-300x181.jpeg\" alt=\"\" width=\"300\" height=\"181\" srcset=\"https:\/\/blogs.correiobraziliense.com.br\/capital-sa\/wp-content\/uploads\/sites\/59\/2025\/04\/0f04d5b5-6752-4513-9603-c24b47ddd96f-300x181.jpeg 300w, https:\/\/blogs.correiobraziliense.com.br\/capital-sa\/wp-content\/uploads\/sites\/59\/2025\/04\/0f04d5b5-6752-4513-9603-c24b47ddd96f-768x464.jpeg 768w, https:\/\/blogs.correiobraziliense.com.br\/capital-sa\/wp-content\/uploads\/sites\/59\/2025\/04\/0f04d5b5-6752-4513-9603-c24b47ddd96f-1024x618.jpeg 1024w, https:\/\/blogs.correiobraziliense.com.br\/capital-sa\/wp-content\/uploads\/sites\/59\/2025\/04\/0f04d5b5-6752-4513-9603-c24b47ddd96f-800x483.jpeg 800w, https:\/\/blogs.correiobraziliense.com.br\/capital-sa\/wp-content\/uploads\/sites\/59\/2025\/04\/0f04d5b5-6752-4513-9603-c24b47ddd96f-550x332.jpeg 550w, https:\/\/blogs.correiobraziliense.com.br\/capital-sa\/wp-content\/uploads\/sites\/59\/2025\/04\/0f04d5b5-6752-4513-9603-c24b47ddd96f-230x139.jpeg 230w, https:\/\/blogs.correiobraziliense.com.br\/capital-sa\/wp-content\/uploads\/sites\/59\/2025\/04\/0f04d5b5-6752-4513-9603-c24b47ddd96f.jpeg 1179w\" sizes=\"auto, (max-width: 300px) 100vw, 300px\" \/><\/p>\n<p class=\"p1\"><span class=\"s3\">O Conselho \u00e9 um espa\u00e7o de articula\u00e7\u00e3o, forma\u00e7\u00e3o e influ\u00eancia pol\u00edtica e empresarial voltado para mulheres l\u00edderes em diversos segmentos da economia e da cultura.<br \/>\n<\/span><\/p>\n<p class=\"p1\"><span class=\"s3\">\u201cCada novo n\u00facleo \u00e9 uma oportunidade de conectar, capacitar e nos fortalecer por meio do empreendedorismo. Estamos construindo um movimento s\u00f3lido, plural e cada vez mais presente no DF\u201d, ressaltou Beatriz Guimar\u00e3es, presidente do CMEC-DF.<br \/>\n<\/span><\/p>\n<p>Valdeci Machado, presidente da Federa\u00e7\u00e3o das Associa\u00e7\u00f5es Comerciais e Industriais do Distrito Federal (FACIDF), reafirmou a import\u00e2ncia da atua\u00e7\u00e3o de mulheres empres\u00e1rias na capital federal. \u201cTemos o orgulho e o compromisso de apoiar e reconhecer a for\u00e7a empresarial feminina dentro da nossa associa\u00e7\u00e3o.\u201d<\/p>\n<p class=\"p1\"><span class=\"s3\">A secret\u00e1ria de Estado da Mulher, Giselle Ferreira, refor\u00e7ou as a\u00e7\u00f5es de governo para fomentar a independ\u00eancia financeira de mulheres em situa\u00e7\u00e3o de vulnerabilidade social por meio do empreendedorismo. \u201cTemos nos empenhado para dar todo o suporte \u00e0s mulheres para que possam ter condi\u00e7\u00f5es econ\u00f4micas e sociais para manter a si e suas fam\u00edlias\u201d.<\/span><\/p>\n<p><iframe loading=\"lazy\" frameborder=\"0\" width=\"1440\" height=\"815\" src=\"https:\/\/geo.dailymotion.com\/player.html?video=x9ifwjm&#038;\" allowfullscreen allow=\"autoplay; fullscreen; picture-in-picture; web-share\"><\/iframe><\/p>\n<p>&nbsp;<\/p>\n","protected":false},"excerpt":{"rendered":"<p>Por Samanta Sallum\u00a0 Uma Iniciativa est\u00e1\u00a0fortalecendo o protagonismo feminino no empreendedorismo. O Conselho da Mulher Empreendedora e da Cultura do Distrito Federal (CMEC-DF) est\u00e1 em expans\u00e3o e oficializou a instala\u00e7\u00e3o de dois n\u00facleos: CMEC Sudoeste, sob a presid\u00eancia da empres\u00e1ria Lili Lima;\u00a0e o CMEC Setor de Clubes Sul e Norte, liderado por Caroline Chiodi. A cerim\u00f4nia marcou n\u00e3o apenas a [&hellip;]<\/p>\n","protected":false},"author":125,"featured_media":19011,"comment_status":"open","ping_status":"open","sticky":false,"template":"","format":"standard","meta":{"footnotes":""},"categories":[6],"tags":[276,921,1945,2731,2886,458,2887],"class_list":["post-19008","post","type-post","status-publish","format-standard","has-post-thumbnail","hentry","category-coluna-capital-s-a","tag-economia","tag-empreendedoras","tag-empreendedorismofeminino","tag-empreendorismo","tag-protagonismofeminino","tag-vulnerabilidade","tag-vulnerabilidadesocial"],"_links":{"self":[{"href":"https:\/\/blogs.correiobraziliense.com.br\/capital-sa\/wp-json\/wp\/v2\/posts\/19008","targetHints":{"allow":["GET"]}}],"collection":[{"href":"https:\/\/blogs.correiobraziliense.com.br\/capital-sa\/wp-json\/wp\/v2\/posts"}],"about":[{"href":"https:\/\/blogs.correiobraziliense.com.br\/capital-sa\/wp-json\/wp\/v2\/types\/post"}],"author":[{"embeddable":true,"href":"https:\/\/blogs.correiobraziliense.com.br\/capital-sa\/wp-json\/wp\/v2\/users\/125"}],"replies":[{"embeddable":true,"href":"https:\/\/blogs.correiobraziliense.com.br\/capital-sa\/wp-json\/wp\/v2\/comments?post=19008"}],"version-history":[{"count":7,"href":"https:\/\/blogs.correiobraziliense.com.br\/capital-sa\/wp-json\/wp\/v2\/posts\/19008\/revisions"}],"predecessor-version":[{"id":19017,"href":"https:\/\/blogs.correiobraziliense.com.br\/capital-sa\/wp-json\/wp\/v2\/posts\/19008\/revisions\/19017"}],"wp:featuredmedia":[{"embeddable":true,"href":"https:\/\/blogs.correiobraziliense.com.br\/capital-sa\/wp-json\/wp\/v2\/media\/19011"}],"wp:attachment":[{"href":"https:\/\/blogs.correiobraziliense.com.br\/capital-sa\/wp-json\/wp\/v2\/media?parent=19008"}],"wp:term":[{"taxonomy":"category","embeddable":true,"href":"https:\/\/blogs.correiobraziliense.com.br\/capital-sa\/wp-json\/wp\/v2\/categories?post=19008"},{"taxonomy":"post_tag","embeddable":true,"href":"https:\/\/blogs.correiobraziliense.com.br\/capital-sa\/wp-json\/wp\/v2\/tags?post=19008"}],"curies":[{"name":"wp","href":"https:\/\/api.w.org\/{rel}","templated":true}]}}