{"id":19002,"date":"2025-04-21T14:20:34","date_gmt":"2025-04-21T17:20:34","guid":{"rendered":"https:\/\/blogs.correiobraziliense.com.br\/capital-sa\/?p=19002"},"modified":"2025-04-21T15:04:05","modified_gmt":"2025-04-21T18:04:05","slug":"df-ganha-mais-de-26-mil-novos-negocios-em-2025","status":"publish","type":"post","link":"https:\/\/blogs.correiobraziliense.com.br\/capital-sa\/2025\/04\/21\/df-ganha-mais-de-26-mil-novos-negocios-em-2025\/","title":{"rendered":"DF ganha mais de 26 mil novos neg\u00f3cios em 2025"},"content":{"rendered":"<p class=\"p2\"><strong>Por Samanta Sallum\u00a0<\/strong><\/p>\n<p class=\"p1\"><span class=\"s1\">Os tr\u00eas primeiros meses do ano foram de alta na abertura de pequenos neg\u00f3cios no Brasil \u2013 o n\u00famero de novos CNPJs passou de 567.835, em janeiro, para um total acumulado de 1.407.010 at\u00e9 mar\u00e7o, com destaque para os microempreendedores individuais (MEI), que responderam por 78% desse total. No Distrito Federal, foram registrados 26.732. O que representa aumento de 36,3% comparado ao mesmo per\u00edodo do ano passado.<\/span><\/p>\n<p class=\"p1\"><span class=\"s1\">O setor de servi\u00e7os e de com\u00e9rcio s\u00e3o os que predominam na prefer\u00eancia dos empreendedores.<\/span><\/p>\n<p class=\"p1\"><strong><span class=\"s1\">Alta de MEIs <\/span><\/strong><\/p>\n<p class=\"p1\"><span class=\"s1\">At\u00e9 mar\u00e7o de 2025, o volume de MEIs (microempreendedor individual) registrado no pa\u00eds cresceu 35% em compara\u00e7\u00e3o com o mesmo per\u00edodo de 2024; j\u00e1 as micro e pequenas empresas tiveram um aumento de 28%. As informa\u00e7\u00f5es foram levantadas pelo Sebrae Nacional com base em dados da Receita Federal.<\/span><\/p>\n<p class=\"p1\"><strong><span class=\"s1\">Por regi\u00f5es <\/span><\/strong><\/p>\n<p class=\"p1\"><span class=\"s1\">No recorte por regi\u00f5es, Sudeste, Sul e Nordeste lideram a abertura acumulada de pequenos neg\u00f3cios, com S\u00e3o Paulo (28,6%), Minas Gerais (10,9%) e Rio de Janeiro (7,8%) nas primeiras posi\u00e7\u00f5es entre os estados.<\/span><\/p>\n<p>Na compara\u00e7\u00e3o com o primeiro trimestre de 2024, Cear\u00e1, Piau\u00ed e Amazonas tiveram o maior avan\u00e7o no cadastro de empreendimentos de pequeno porte, com 56,8%, 55,3% e 51,3%, respectivamente.<\/p>\n<p class=\"p1\"><strong><span class=\"s1\">Ind\u00fastria da Transforma\u00e7\u00e3o <\/span><\/strong><\/p>\n<p class=\"p1\"><span class=\"s1\">Em mar\u00e7o de 2025, o setor de Servi\u00e7os obteve o melhor desempenho, com 257.156 pequenos neg\u00f3cios abertos (63,7% do total), seguido por Com\u00e9rcio, com 83.921 (20,8%), e Ind\u00fastria da Transforma\u00e7\u00e3o, com 30.859 (7,6%). <\/span><\/p>\n<p class=\"p1\"><strong><span class=\"s1\">Mais inclus\u00e3o <\/span><\/strong><\/p>\n<p class=\"p1\"><span class=\"s1\">Para o presidente do Sebrae Nacional, D\u00e9cio Lima, os n\u00fameros comprovam que os pequenos neg\u00f3cios continuam sendo a principal for\u00e7a que impulsiona a economia brasileira.<br \/>\n<\/span><\/p>\n<p class=\"p1\"><span class=\"s1\">\u201cPara o pa\u00eds, isso representa mais gera\u00e7\u00e3o de empregos, maior arrecada\u00e7\u00e3o e mais dinheiro em movimenta\u00e7\u00e3o e mais inclus\u00e3o. A institui\u00e7\u00e3o atingiu, em 2024, a marca de mais de 60 milh\u00f5es de atendimentos por todo o pa\u00eds. O Sebrae est\u00e1 pronto para apoiar esses novos neg\u00f3cios\u201d, completa o presidente.<\/span><\/p>\n","protected":false},"excerpt":{"rendered":"<p>Por Samanta Sallum\u00a0 Os tr\u00eas primeiros meses do ano foram de alta na abertura de pequenos neg\u00f3cios no Brasil \u2013 o n\u00famero de novos CNPJs passou de 567.835, em janeiro, para um total acumulado de 1.407.010 at\u00e9 mar\u00e7o, com destaque para os microempreendedores individuais (MEI), que responderam por 78% desse total. No Distrito Federal, foram registrados 26.732. O que representa [&hellip;]<\/p>\n","protected":false},"author":125,"featured_media":19005,"comment_status":"open","ping_status":"open","sticky":false,"template":"","format":"standard","meta":{"footnotes":""},"categories":[6],"tags":[408,2294,276,1520,2883,2885,2884,1446,1824,454,10,60,65,50],"class_list":["post-19002","post","type-post","status-publish","format-standard","has-post-thumbnail","hentry","category-coluna-capital-s-a","tag-crescimento","tag-deciolima","tag-economia","tag-industriabrasileira","tag-industriadatransformacao","tag-microempreendedorismo","tag-microempreendimento","tag-microepequenasempresas","tag-sebraenacional","tag-servicos","tag-comercio","tag-industria","tag-mei","tag-sebrae"],"_links":{"self":[{"href":"https:\/\/blogs.correiobraziliense.com.br\/capital-sa\/wp-json\/wp\/v2\/posts\/19002","targetHints":{"allow":["GET"]}}],"collection":[{"href":"https:\/\/blogs.correiobraziliense.com.br\/capital-sa\/wp-json\/wp\/v2\/posts"}],"about":[{"href":"https:\/\/blogs.correiobraziliense.com.br\/capital-sa\/wp-json\/wp\/v2\/types\/post"}],"author":[{"embeddable":true,"href":"https:\/\/blogs.correiobraziliense.com.br\/capital-sa\/wp-json\/wp\/v2\/users\/125"}],"replies":[{"embeddable":true,"href":"https:\/\/blogs.correiobraziliense.com.br\/capital-sa\/wp-json\/wp\/v2\/comments?post=19002"}],"version-history":[{"count":4,"href":"https:\/\/blogs.correiobraziliense.com.br\/capital-sa\/wp-json\/wp\/v2\/posts\/19002\/revisions"}],"predecessor-version":[{"id":19007,"href":"https:\/\/blogs.correiobraziliense.com.br\/capital-sa\/wp-json\/wp\/v2\/posts\/19002\/revisions\/19007"}],"wp:featuredmedia":[{"embeddable":true,"href":"https:\/\/blogs.correiobraziliense.com.br\/capital-sa\/wp-json\/wp\/v2\/media\/19005"}],"wp:attachment":[{"href":"https:\/\/blogs.correiobraziliense.com.br\/capital-sa\/wp-json\/wp\/v2\/media?parent=19002"}],"wp:term":[{"taxonomy":"category","embeddable":true,"href":"https:\/\/blogs.correiobraziliense.com.br\/capital-sa\/wp-json\/wp\/v2\/categories?post=19002"},{"taxonomy":"post_tag","embeddable":true,"href":"https:\/\/blogs.correiobraziliense.com.br\/capital-sa\/wp-json\/wp\/v2\/tags?post=19002"}],"curies":[{"name":"wp","href":"https:\/\/api.w.org\/{rel}","templated":true}]}}