{"id":18985,"date":"2025-04-17T15:36:02","date_gmt":"2025-04-17T18:36:02","guid":{"rendered":"https:\/\/blogs.correiobraziliense.com.br\/capital-sa\/?p=18985"},"modified":"2025-04-17T19:13:01","modified_gmt":"2025-04-17T22:13:01","slug":"a-invencao-da-superquadra-livro-sobre-brasilia-sera-reeditado-pelo-senac-e-pelo-iphano","status":"publish","type":"post","link":"https:\/\/blogs.correiobraziliense.com.br\/capital-sa\/2025\/04\/17\/a-invencao-da-superquadra-livro-sobre-brasilia-sera-reeditado-pelo-senac-e-pelo-iphano\/","title":{"rendered":"A Inven\u00e7\u00e3o da Superquadra: livro sobre Bras\u00edlia ser\u00e1 reeditado pelo Senac e pelo Iphan"},"content":{"rendered":"<p><em>A publica\u00e7\u00e3o \u00e9 um verdadeiro invent\u00e1rio do modo de habitar nos espa\u00e7os concebidos para promover conviv\u00eancia, integra\u00e7\u00e3o com a natureza e democratiza\u00e7\u00e3o do espa\u00e7o urbano. Lan\u00e7amento ser\u00e1 no dia 22, na Casa de Ch\u00e1\u00a0<\/em><\/p>\n<p class=\"p1\"><strong>Por Samanta Sallum\u00a0<\/strong><\/p>\n<p class=\"p1\"><span class=\"s1\">Um dos presentes para Bras\u00edlia no anivers\u00e1rio de 65 anos ser\u00e1 a reedi\u00e7\u00e3o do livro \u201cA Inven\u00e7\u00e3o da Superquadra\u201d, obra fundamental para compreender o modo de vida, a arquitetura e o urbanismo que definem a identidade da capital federal. A nova edi\u00e7\u00e3o faz parte de uma parceria entre a Editora Senac-DF e o Instituto do Patrim\u00f4nio Hist\u00f3rico e Art\u00edstico Nacional (Iphan).<\/span><\/p>\n<p class=\"p1\"><span class=\"s1\">O lan\u00e7amento ser\u00e1 realizado no dia 22 de abril, a partir das 17h, na Casa de Ch\u00e1 &#8211; espa\u00e7o projetado por Oscar Niemeyer e localizado na Pra\u00e7a dos Tr\u00eas Poderes. O evento<span class=\"Apple-converted-space\">\u00a0<\/span>para convidados contar\u00e1 com a presen\u00e7a de autoridades, pesquisadores, especialistas e representantes das institui\u00e7\u00f5es envolvidas.<\/span><\/p>\n<p><img loading=\"lazy\" decoding=\"async\" class=\"aligncenter size-medium wp-image-18992\" src=\"https:\/\/blogs.correiobraziliense.com.br\/capital-sa\/wp-content\/uploads\/sites\/59\/2025\/04\/8ba1e23b-b5fe-400c-8839-3ee4484acf9b-300x225.jpeg\" alt=\"\" width=\"300\" height=\"225\" srcset=\"https:\/\/blogs.correiobraziliense.com.br\/capital-sa\/wp-content\/uploads\/sites\/59\/2025\/04\/8ba1e23b-b5fe-400c-8839-3ee4484acf9b-300x225.jpeg 300w, https:\/\/blogs.correiobraziliense.com.br\/capital-sa\/wp-content\/uploads\/sites\/59\/2025\/04\/8ba1e23b-b5fe-400c-8839-3ee4484acf9b-550x413.jpeg 550w, https:\/\/blogs.correiobraziliense.com.br\/capital-sa\/wp-content\/uploads\/sites\/59\/2025\/04\/8ba1e23b-b5fe-400c-8839-3ee4484acf9b-230x173.jpeg 230w, https:\/\/blogs.correiobraziliense.com.br\/capital-sa\/wp-content\/uploads\/sites\/59\/2025\/04\/8ba1e23b-b5fe-400c-8839-3ee4484acf9b.jpeg 640w\" sizes=\"auto, (max-width: 300px) 100vw, 300px\" \/><\/p>\n<p>A publica\u00e7\u00e3o teve a sua primeira edi\u00e7\u00e3o lan\u00e7ada em 2009 e reimpressa em 2010, por ocasi\u00e3o do cinquenten\u00e1rio da cidade. \u00c9 uma das principais refer\u00eancias sobre o Conjunto Urban\u00edstico de Bras\u00edlia. Baseada na pesquisa dos professores Matheus Gorovitz e Marc\u00edlio Mendes Ferreira, da Universidade de Bras\u00edlia.<\/p>\n<p>A obra re\u00fane mais de 500 p\u00e1ginas com registros documentais e hist\u00f3ricos at\u00e9 ent\u00e3o pouco acess\u00edveis ao p\u00fablico. Desenhos t\u00e9cnicos e informa\u00e7\u00f5es sobre os primeiros edif\u00edcios residenciais da cidade s\u00e3o apresentados em linguagem acess\u00edvel, traduzindo os conceitos do relat\u00f3rio original de L\u00facio Costa para o Plano Piloto.<\/p>\n<p>Mais do que um estudo t\u00e9cnico, o livro \u00e9 um verdadeiro invent\u00e1rio do modo de habitar nas superquadras \u2014 espa\u00e7os concebidos para promover conviv\u00eancia, integra\u00e7\u00e3o com a natureza e democratiza\u00e7\u00e3o do espa\u00e7o urbano.<\/p>\n<p><img loading=\"lazy\" decoding=\"async\" class=\"aligncenter size-medium wp-image-18995\" src=\"https:\/\/blogs.correiobraziliense.com.br\/capital-sa\/wp-content\/uploads\/sites\/59\/2025\/04\/880578d9-95ce-40fa-9333-1cd25f639fe0-240x300.jpeg\" alt=\"\" width=\"240\" height=\"300\" srcset=\"https:\/\/blogs.correiobraziliense.com.br\/capital-sa\/wp-content\/uploads\/sites\/59\/2025\/04\/880578d9-95ce-40fa-9333-1cd25f639fe0-240x300.jpeg 240w, https:\/\/blogs.correiobraziliense.com.br\/capital-sa\/wp-content\/uploads\/sites\/59\/2025\/04\/880578d9-95ce-40fa-9333-1cd25f639fe0-768x960.jpeg 768w, https:\/\/blogs.correiobraziliense.com.br\/capital-sa\/wp-content\/uploads\/sites\/59\/2025\/04\/880578d9-95ce-40fa-9333-1cd25f639fe0-819x1024.jpeg 819w, https:\/\/blogs.correiobraziliense.com.br\/capital-sa\/wp-content\/uploads\/sites\/59\/2025\/04\/880578d9-95ce-40fa-9333-1cd25f639fe0-800x1000.jpeg 800w, https:\/\/blogs.correiobraziliense.com.br\/capital-sa\/wp-content\/uploads\/sites\/59\/2025\/04\/880578d9-95ce-40fa-9333-1cd25f639fe0-550x688.jpeg 550w, https:\/\/blogs.correiobraziliense.com.br\/capital-sa\/wp-content\/uploads\/sites\/59\/2025\/04\/880578d9-95ce-40fa-9333-1cd25f639fe0-230x288.jpeg 230w, https:\/\/blogs.correiobraziliense.com.br\/capital-sa\/wp-content\/uploads\/sites\/59\/2025\/04\/880578d9-95ce-40fa-9333-1cd25f639fe0.jpeg 1080w\" sizes=\"auto, (max-width: 240px) 100vw, 240px\" \/><\/p>\n<p>A \u00a0publica\u00e7\u00e3o apresenta fotos e informa\u00e7\u00f5es de mais de 70 edifica\u00e7\u00f5es, al\u00e9m de textos de Lucio Costa e de outros arquitetos, entrevistas com profissionais que atuaram na constru\u00e7\u00e3o de Bras\u00edlia e reflex\u00f5es sobre os caminhos que a cidade percorreu desde ent\u00e3o.<\/p>\n","protected":false},"excerpt":{"rendered":"<p>A publica\u00e7\u00e3o \u00e9 um verdadeiro invent\u00e1rio do modo de habitar nos espa\u00e7os concebidos para promover conviv\u00eancia, integra\u00e7\u00e3o com a natureza e democratiza\u00e7\u00e3o do espa\u00e7o urbano. Lan\u00e7amento ser\u00e1 no dia 22, na Casa de Ch\u00e1\u00a0 Por Samanta Sallum\u00a0 Um dos presentes para Bras\u00edlia no anivers\u00e1rio de 65 anos ser\u00e1 a reedi\u00e7\u00e3o do livro \u201cA Inven\u00e7\u00e3o da Superquadra\u201d, obra fundamental para compreender [&hellip;]<\/p>\n","protected":false},"author":125,"featured_media":18991,"comment_status":"open","ping_status":"open","sticky":false,"template":"","format":"standard","meta":{"footnotes":""},"categories":[6],"tags":[2819,92,566,2202,2882,851,156,2033],"class_list":["post-18985","post","type-post","status-publish","format-standard","has-post-thumbnail","hentry","category-coluna-capital-s-a","tag-aniversariodebrasilia","tag-arquitetura","tag-iphan","tag-luciocosta","tag-niverdebrasilia","tag-oscarniemeyer","tag-senac","tag-urbanismo"],"_links":{"self":[{"href":"https:\/\/blogs.correiobraziliense.com.br\/capital-sa\/wp-json\/wp\/v2\/posts\/18985","targetHints":{"allow":["GET"]}}],"collection":[{"href":"https:\/\/blogs.correiobraziliense.com.br\/capital-sa\/wp-json\/wp\/v2\/posts"}],"about":[{"href":"https:\/\/blogs.correiobraziliense.com.br\/capital-sa\/wp-json\/wp\/v2\/types\/post"}],"author":[{"embeddable":true,"href":"https:\/\/blogs.correiobraziliense.com.br\/capital-sa\/wp-json\/wp\/v2\/users\/125"}],"replies":[{"embeddable":true,"href":"https:\/\/blogs.correiobraziliense.com.br\/capital-sa\/wp-json\/wp\/v2\/comments?post=18985"}],"version-history":[{"count":10,"href":"https:\/\/blogs.correiobraziliense.com.br\/capital-sa\/wp-json\/wp\/v2\/posts\/18985\/revisions"}],"predecessor-version":[{"id":19000,"href":"https:\/\/blogs.correiobraziliense.com.br\/capital-sa\/wp-json\/wp\/v2\/posts\/18985\/revisions\/19000"}],"wp:featuredmedia":[{"embeddable":true,"href":"https:\/\/blogs.correiobraziliense.com.br\/capital-sa\/wp-json\/wp\/v2\/media\/18991"}],"wp:attachment":[{"href":"https:\/\/blogs.correiobraziliense.com.br\/capital-sa\/wp-json\/wp\/v2\/media?parent=18985"}],"wp:term":[{"taxonomy":"category","embeddable":true,"href":"https:\/\/blogs.correiobraziliense.com.br\/capital-sa\/wp-json\/wp\/v2\/categories?post=18985"},{"taxonomy":"post_tag","embeddable":true,"href":"https:\/\/blogs.correiobraziliense.com.br\/capital-sa\/wp-json\/wp\/v2\/tags?post=18985"}],"curies":[{"name":"wp","href":"https:\/\/api.w.org\/{rel}","templated":true}]}}