{"id":18954,"date":"2025-04-16T09:15:17","date_gmt":"2025-04-16T12:15:17","guid":{"rendered":"https:\/\/blogs.correiobraziliense.com.br\/capital-sa\/?p=18954"},"modified":"2025-04-16T12:00:34","modified_gmt":"2025-04-16T15:00:34","slug":"justica-garante-beneficio-fiscal-a-bares-e-restaurantes-no-df-e-no-rj","status":"publish","type":"post","link":"https:\/\/blogs.correiobraziliense.com.br\/capital-sa\/2025\/04\/16\/justica-garante-beneficio-fiscal-a-bares-e-restaurantes-no-df-e-no-rj\/","title":{"rendered":"Justi\u00e7a garante benef\u00edcio fiscal a bares e restaurantes no DF, no RJ e em Goi\u00e1s"},"content":{"rendered":"<p><em>Abrasel ganhou liminar judicial contra decis\u00e3o do Minist\u00e9rio da Fazenda de suspender <\/em><em>programa de aux\u00edlio emergencial\u00a0<\/em><\/p>\n<p class=\"p1\"><strong>Por Samanta Sallum\u00a0<\/strong><\/p>\n<p class=\"p1\"><span class=\"s1\">A Associa\u00e7\u00e3o Brasileira de Bares e Restaurantes (Abrasel) obteve mais uma vit\u00f3ria judicial. Ap\u00f3s a decis\u00e3o favor\u00e1vel do TRF-1<span class=\"Apple-converted-space\">\u00a0<\/span>no Distrito Federal, a entidade conseguiu outras\u00a0<span class=\"Apple-converted-space\">duas\u00a0<\/span>liminares, desta vez na Justi\u00e7a Federal do Rio de Janeiro e de Goi\u00e1s, garantindo a continuidade dos benef\u00edcios fiscais do Programa Emergencial de Retomada do Setor de Eventos (Perse).<br \/>\n<\/span><\/p>\n<p>A entidade, no entanto, orienta que as empresas de outras localidades (que n\u00e3o o DF e o RJ) devem voltar a pagar os tributos para n\u00e3o acumular imposto em atraso.<\/p>\n<p>A decis\u00e3o judicial mais recente determina que o governo n\u00e3o pode suspender os benef\u00edcios para os associados da Abrasel. Isso significa que bares e restaurantes continuar\u00e3o ter al\u00edquota zero para IRPJ, CSLL, PIS e Cofins at\u00e9 mar\u00e7o de 2027. A medida \u00e9 considerada essencial para ajudar o setor, que foi fortemente impactado pela pandemia da Covid-19.<\/p>\n<p><strong>Haddad contra prorroga\u00e7\u00e3o\u00a0<\/strong><\/p>\n<p>Desde o inicio de abril, as empresas do setor de eventos, turismo e alimenta\u00e7\u00e3o voltaram a pagar impostos que estavam suspensos gra\u00e7as ao Perse. Isso porque o programa atingiu o teto de R$ 15 bilh\u00f5es estipulado pelo Minist\u00e9rio da Fazenda.<\/p>\n<p>O ministro Fernando Haddad afirmou que n\u00e3o haver\u00e1 prorroga\u00e7\u00e3o dos benef\u00edcios fiscais. No entanto, o programa, aprovado no governo passado, previa que o benef\u00edcio iria at\u00e9 2027. A situa\u00e7\u00e3o est\u00e1 provocando uma s\u00e9rie de a\u00e7\u00f5es judiciais para contestar a decis\u00e3o de Haddad.<\/p>\n<p class=\"p1\"><span class=\"s1\">O presidente da Abrasel, Paulo Solmucci, afirmou que a nova decis\u00e3o judicial mostra a for\u00e7a do argumento de que o Perse \u00e9 um programa essencial para a sobreviv\u00eancia dos bares e restaurantes. \u201c<\/span>Ainda enfrentamos dificuldades econ\u00f4micas decorrentes da pandemia.&#8221;<\/p>\n<p class=\"p1\">A Abrasel, aproveitando a jurisprud\u00eancia favor\u00e1vel no Distrito Federal e no Rio de Janeiro, j\u00e1 entrou com uma a\u00e7\u00e3o em \u00e2mbito nacional para beneficiar os associados em todo o pa\u00eds.<\/p>\n","protected":false},"excerpt":{"rendered":"<p>Abrasel ganhou liminar judicial contra decis\u00e3o do Minist\u00e9rio da Fazenda de suspender programa de aux\u00edlio emergencial\u00a0 Por Samanta Sallum\u00a0 A Associa\u00e7\u00e3o Brasileira de Bares e Restaurantes (Abrasel) obteve mais uma vit\u00f3ria judicial. Ap\u00f3s a decis\u00e3o favor\u00e1vel do TRF-1\u00a0no Distrito Federal, a entidade conseguiu outras\u00a0duas\u00a0liminares, desta vez na Justi\u00e7a Federal do Rio de Janeiro e de Goi\u00e1s, garantindo a continuidade dos [&hellip;]<\/p>\n","protected":false},"author":125,"featured_media":18961,"comment_status":"open","ping_status":"open","sticky":false,"template":"","format":"standard","meta":{"footnotes":""},"categories":[6],"tags":[712,1457,276,2210,2209,2424,2053,333],"class_list":["post-18954","post","type-post","status-publish","format-standard","has-post-thumbnail","hentry","category-coluna-capital-s-a","tag-abrasel","tag-alimentacao","tag-economia","tag-fernandohaddad","tag-ministeriodafazenda","tag-paulosolmucci","tag-perse","tag-turismo"],"_links":{"self":[{"href":"https:\/\/blogs.correiobraziliense.com.br\/capital-sa\/wp-json\/wp\/v2\/posts\/18954","targetHints":{"allow":["GET"]}}],"collection":[{"href":"https:\/\/blogs.correiobraziliense.com.br\/capital-sa\/wp-json\/wp\/v2\/posts"}],"about":[{"href":"https:\/\/blogs.correiobraziliense.com.br\/capital-sa\/wp-json\/wp\/v2\/types\/post"}],"author":[{"embeddable":true,"href":"https:\/\/blogs.correiobraziliense.com.br\/capital-sa\/wp-json\/wp\/v2\/users\/125"}],"replies":[{"embeddable":true,"href":"https:\/\/blogs.correiobraziliense.com.br\/capital-sa\/wp-json\/wp\/v2\/comments?post=18954"}],"version-history":[{"count":16,"href":"https:\/\/blogs.correiobraziliense.com.br\/capital-sa\/wp-json\/wp\/v2\/posts\/18954\/revisions"}],"predecessor-version":[{"id":18975,"href":"https:\/\/blogs.correiobraziliense.com.br\/capital-sa\/wp-json\/wp\/v2\/posts\/18954\/revisions\/18975"}],"wp:featuredmedia":[{"embeddable":true,"href":"https:\/\/blogs.correiobraziliense.com.br\/capital-sa\/wp-json\/wp\/v2\/media\/18961"}],"wp:attachment":[{"href":"https:\/\/blogs.correiobraziliense.com.br\/capital-sa\/wp-json\/wp\/v2\/media?parent=18954"}],"wp:term":[{"taxonomy":"category","embeddable":true,"href":"https:\/\/blogs.correiobraziliense.com.br\/capital-sa\/wp-json\/wp\/v2\/categories?post=18954"},{"taxonomy":"post_tag","embeddable":true,"href":"https:\/\/blogs.correiobraziliense.com.br\/capital-sa\/wp-json\/wp\/v2\/tags?post=18954"}],"curies":[{"name":"wp","href":"https:\/\/api.w.org\/{rel}","templated":true}]}}