{"id":18947,"date":"2025-04-16T00:15:55","date_gmt":"2025-04-16T03:15:55","guid":{"rendered":"https:\/\/blogs.correiobraziliense.com.br\/capital-sa\/?p=18947"},"modified":"2025-04-16T11:43:25","modified_gmt":"2025-04-16T14:43:25","slug":"ambev-sebrae-e-prefeitos-fecham-parceria-para-inclusao-socioprodutiva","status":"publish","type":"post","link":"https:\/\/blogs.correiobraziliense.com.br\/capital-sa\/2025\/04\/16\/ambev-sebrae-e-prefeitos-fecham-parceria-para-inclusao-socioprodutiva\/","title":{"rendered":"Ambev, Sebrae e prefeitos fecham parceria para inclus\u00e3o socioprodutiva"},"content":{"rendered":"<p><strong>Por Samanta Sallum\u00a0<\/strong><\/p>\n<p class=\"p1\">A Frente Nacional de Prefeitas e Prefeitos, o Sebrae Nacional e a Ambev firmaram uma nova parceria para impulsionar a inclus\u00e3o socioprodutiva de pessoas em vulnerabilidade econ\u00f4mica. O foco \u00e9 implementar pol\u00edticas p\u00fablicas para oferecer capacita\u00e7\u00e3o, incentivar a formaliza\u00e7\u00e3o de neg\u00f3cios e mobilizar recursos para suporte nos Centros de Refer\u00eancia de Assist\u00eancia Social e Casas do Empreendedor dos munic\u00edpios selecionados.<\/p>\n<p>A iniciativa expande o impacto do Bora Hub, plataforma da Ambev que, desde 2022, j\u00e1 gerou mais de R$ 620 milh\u00f5es em renda para micro e pequenos empreendedores em todo o Brasil.<\/p>\n<p class=\"p1\"><strong><span class=\"s1\">A\u00e7\u00f5es com o Minist\u00e9rio de Cambate \u00e0 Fome <\/span><\/strong><\/p>\n<p class=\"p1\"><span class=\"s1\">\u201cTemos a ambi\u00e7\u00e3o de incluir produtivamente 5 milh\u00f5es de brasileiros at\u00e9 2032. Em 2023, iniciamos com o Minist\u00e9rio do Desenvolvimento e Assist\u00eancia Social, Fam\u00edlia e Combate \u00e0 Fome do Brasil um trabalho que incluiu a doa\u00e7\u00e3o de um servi\u00e7o de gest\u00e3o para an\u00e1lise de dados e um plano de capacita\u00e7\u00e3o para empreendedorismo e emprego. Agora, queremos ampliar esse impacto\u201d, explicou Rodrigo Moccia, Diretor de Rela\u00e7\u00f5es Institucionais da Ambev.<\/span><\/p>\n<p class=\"p1\"><strong><span class=\"s1\">Transforma\u00e7\u00e3o social <\/span><\/strong><\/p>\n<p class=\"p1\"><span class=\"s1\">Segundo o presidente do Sebrae, D\u00e9cio Lima, os protagonistas do processo econ\u00f4mico global precisam integrar a inclus\u00e3o. \u201cN\u00e3o podemos ter um planeta sustent\u00e1vel e desenvolver tecnologias que geram qualidade de vida sem olhar para as pessoas que ainda est\u00e3o, literalmente, exclu\u00eddas na vida\u201d, alertou Lima. \u201cTodos devemos repactuar nosso compromisso com a transforma\u00e7\u00e3o social por meio da inclus\u00e3o produtiva\u201d, completou.<\/span><\/p>\n<p class=\"p1\"><span class=\"s1\">\u201cAo integrar esfor\u00e7os com Ambev e Sebrae, fortalecemos a atua\u00e7\u00e3o dos munic\u00edpios na ponta, com pol\u00edticas p\u00fablicas que geram impacto real na vida das pessoaa\u201d, concluiu Gilberto Perre, secret\u00e1rio-executivo da FNP.<\/span><\/p>\n","protected":false},"excerpt":{"rendered":"<p>Por Samanta Sallum\u00a0 A Frente Nacional de Prefeitas e Prefeitos, o Sebrae Nacional e a Ambev firmaram uma nova parceria para impulsionar a inclus\u00e3o socioprodutiva de pessoas em vulnerabilidade econ\u00f4mica. O foco \u00e9 implementar pol\u00edticas p\u00fablicas para oferecer capacita\u00e7\u00e3o, incentivar a formaliza\u00e7\u00e3o de neg\u00f3cios e mobilizar recursos para suporte nos Centros de Refer\u00eancia de Assist\u00eancia Social e Casas do Empreendedor [&hellip;]<\/p>\n","protected":false},"author":125,"featured_media":18952,"comment_status":"open","ping_status":"open","sticky":false,"template":"","format":"standard","meta":{"footnotes":""},"categories":[6],"tags":[2200,457,276,158,2878,2879,419,2510,2,50],"class_list":["post-18947","post","type-post","status-publish","format-standard","has-post-thumbnail","hentry","category-coluna-capital-s-a","tag-ambev","tag-capacitacao","tag-economia","tag-empregos","tag-fnp","tag-gilbertoperre","tag-renda","tag-rodrigomoccia","tag-empreendedorismo","tag-sebrae"],"_links":{"self":[{"href":"https:\/\/blogs.correiobraziliense.com.br\/capital-sa\/wp-json\/wp\/v2\/posts\/18947","targetHints":{"allow":["GET"]}}],"collection":[{"href":"https:\/\/blogs.correiobraziliense.com.br\/capital-sa\/wp-json\/wp\/v2\/posts"}],"about":[{"href":"https:\/\/blogs.correiobraziliense.com.br\/capital-sa\/wp-json\/wp\/v2\/types\/post"}],"author":[{"embeddable":true,"href":"https:\/\/blogs.correiobraziliense.com.br\/capital-sa\/wp-json\/wp\/v2\/users\/125"}],"replies":[{"embeddable":true,"href":"https:\/\/blogs.correiobraziliense.com.br\/capital-sa\/wp-json\/wp\/v2\/comments?post=18947"}],"version-history":[{"count":7,"href":"https:\/\/blogs.correiobraziliense.com.br\/capital-sa\/wp-json\/wp\/v2\/posts\/18947\/revisions"}],"predecessor-version":[{"id":18971,"href":"https:\/\/blogs.correiobraziliense.com.br\/capital-sa\/wp-json\/wp\/v2\/posts\/18947\/revisions\/18971"}],"wp:featuredmedia":[{"embeddable":true,"href":"https:\/\/blogs.correiobraziliense.com.br\/capital-sa\/wp-json\/wp\/v2\/media\/18952"}],"wp:attachment":[{"href":"https:\/\/blogs.correiobraziliense.com.br\/capital-sa\/wp-json\/wp\/v2\/media?parent=18947"}],"wp:term":[{"taxonomy":"category","embeddable":true,"href":"https:\/\/blogs.correiobraziliense.com.br\/capital-sa\/wp-json\/wp\/v2\/categories?post=18947"},{"taxonomy":"post_tag","embeddable":true,"href":"https:\/\/blogs.correiobraziliense.com.br\/capital-sa\/wp-json\/wp\/v2\/tags?post=18947"}],"curies":[{"name":"wp","href":"https:\/\/api.w.org\/{rel}","templated":true}]}}