{"id":18942,"date":"2025-04-16T00:30:15","date_gmt":"2025-04-16T03:30:15","guid":{"rendered":"https:\/\/blogs.correiobraziliense.com.br\/capital-sa\/?p=18942"},"modified":"2025-04-16T11:52:14","modified_gmt":"2025-04-16T14:52:14","slug":"carrefour-e-assai-sao-as-lideres-de-mercado-no-pais","status":"publish","type":"post","link":"https:\/\/blogs.correiobraziliense.com.br\/capital-sa\/2025\/04\/16\/carrefour-e-assai-sao-as-lideres-de-mercado-no-pais\/","title":{"rendered":"Carrefour e Assa\u00ed s\u00e3o as l\u00edderes de mercado no pa\u00eds"},"content":{"rendered":"<p class=\"p2\" style=\"padding-left: 30px\"><strong>Por Samanta Sallum\u00a0<\/strong><\/p>\n<p class=\"p2\"><span class=\"s1\">A Associa\u00e7\u00e3o Brasileira de Supermercados (ABRAS) apresentou a radiografia anual do desempenho do varejo alimentar brasileiro. E o balan\u00e7o de 2024, divulgado nesta semana, foi bem positivo. Entre as 30 maiores redes do pa\u00eds, o Grupo Carrefour Brasil manteve a lideran\u00e7a pelo nono ano consecutivo, com faturamento de R$ 120,5 bilh\u00f5es em 2024. Em segundo lugar, aparece o Assa\u00ed Atacadista, com R$ 80,5 bilh\u00f5es. Ambos t\u00eam forte presen\u00e7a no Distrito Federal.<\/span><\/p>\n<ul class=\"ul1\">\n<li class=\"li2\"><span class=\"s1\">R$ 1,067 trilh\u00e3o &#8211;\u00a0<\/span>Faturamento total do setor em 2024, o equivalente a\u00a0<span class=\"s1\">9,12% do PIB<\/span><\/li>\n<\/ul>\n<p class=\"p2\"><strong><span class=\"s1\">Mais lojas e mais empregos <\/span><\/strong><\/p>\n<p class=\"p2\"><span class=\"s1\">Os supermercados seguem como grandes geradores de emprego: s\u00e3o mais de 9 milh\u00f5es de postos diretos e indiretos em todo o territ\u00f3rio nacional. O n\u00famero de lojas cresceu 2,3% no per\u00edodo, passando de 414.663 para 424.120 unidades, que recebem diariamente cerca de 30 milh\u00f5es de consumidores. <\/span><\/p>\n<p class=\"p2\"><strong><span class=\"s1\">Impacto na economia\u00a0<\/span><\/strong><\/p>\n<p class=\"p2\"><span class=\"s1\">\u201cO varejo alimentar brasileiro \u00e9 robusto, inovador e essencial para o desenvolvimento do pa\u00eds. Os resultados<span class=\"Apple-converted-space\">\u00a0<\/span>refor\u00e7am nossa import\u00e2ncia estrat\u00e9gica para a economia e para a popula\u00e7\u00e3o\u201d, afirmou Jo\u00e3o Galassi.<\/span><\/p>\n","protected":false},"excerpt":{"rendered":"<p>Por Samanta Sallum\u00a0 A Associa\u00e7\u00e3o Brasileira de Supermercados (ABRAS) apresentou a radiografia anual do desempenho do varejo alimentar brasileiro. E o balan\u00e7o de 2024, divulgado nesta semana, foi bem positivo. Entre as 30 maiores redes do pa\u00eds, o Grupo Carrefour Brasil manteve a lideran\u00e7a pelo nono ano consecutivo, com faturamento de R$ 120,5 bilh\u00f5es em 2024. Em segundo lugar, aparece [&hellip;]<\/p>\n","protected":false},"author":125,"featured_media":18946,"comment_status":"open","ping_status":"open","sticky":false,"template":"","format":"standard","meta":{"footnotes":""},"categories":[6],"tags":[1827,1365,2180,408,276,1291,2723,1580,7],"class_list":["post-18942","post","type-post","status-publish","format-standard","has-post-thumbnail","hentry","category-coluna-capital-s-a","tag-abras","tag-assai","tag-carrefour","tag-crescimento","tag-economia","tag-faturamento","tag-joaogalassi","tag-mercado","tag-pib"],"_links":{"self":[{"href":"https:\/\/blogs.correiobraziliense.com.br\/capital-sa\/wp-json\/wp\/v2\/posts\/18942","targetHints":{"allow":["GET"]}}],"collection":[{"href":"https:\/\/blogs.correiobraziliense.com.br\/capital-sa\/wp-json\/wp\/v2\/posts"}],"about":[{"href":"https:\/\/blogs.correiobraziliense.com.br\/capital-sa\/wp-json\/wp\/v2\/types\/post"}],"author":[{"embeddable":true,"href":"https:\/\/blogs.correiobraziliense.com.br\/capital-sa\/wp-json\/wp\/v2\/users\/125"}],"replies":[{"embeddable":true,"href":"https:\/\/blogs.correiobraziliense.com.br\/capital-sa\/wp-json\/wp\/v2\/comments?post=18942"}],"version-history":[{"count":5,"href":"https:\/\/blogs.correiobraziliense.com.br\/capital-sa\/wp-json\/wp\/v2\/posts\/18942\/revisions"}],"predecessor-version":[{"id":18973,"href":"https:\/\/blogs.correiobraziliense.com.br\/capital-sa\/wp-json\/wp\/v2\/posts\/18942\/revisions\/18973"}],"wp:featuredmedia":[{"embeddable":true,"href":"https:\/\/blogs.correiobraziliense.com.br\/capital-sa\/wp-json\/wp\/v2\/media\/18946"}],"wp:attachment":[{"href":"https:\/\/blogs.correiobraziliense.com.br\/capital-sa\/wp-json\/wp\/v2\/media?parent=18942"}],"wp:term":[{"taxonomy":"category","embeddable":true,"href":"https:\/\/blogs.correiobraziliense.com.br\/capital-sa\/wp-json\/wp\/v2\/categories?post=18942"},{"taxonomy":"post_tag","embeddable":true,"href":"https:\/\/blogs.correiobraziliense.com.br\/capital-sa\/wp-json\/wp\/v2\/tags?post=18942"}],"curies":[{"name":"wp","href":"https:\/\/api.w.org\/{rel}","templated":true}]}}