{"id":18925,"date":"2025-04-14T14:45:14","date_gmt":"2025-04-14T17:45:14","guid":{"rendered":"https:\/\/blogs.correiobraziliense.com.br\/capital-sa\/?p=18925"},"modified":"2025-04-14T19:03:10","modified_gmt":"2025-04-14T22:03:10","slug":"celina-leao-se-reune-com-administradores-regionais-para-pedir-atuacao-no-pdot","status":"publish","type":"post","link":"https:\/\/blogs.correiobraziliense.com.br\/capital-sa\/2025\/04\/14\/celina-leao-se-reune-com-administradores-regionais-para-pedir-atuacao-no-pdot\/","title":{"rendered":"Celina Le\u00e3o se re\u00fane com administradores regionais para pedir atua\u00e7\u00e3o no PDOT"},"content":{"rendered":"<p><strong>Por Samanta Sallum\u00a0<\/strong><\/p>\n<p class=\"p1\">Para cobrar mais engajamento no processo de elabora\u00e7\u00e3o do Plano Diretor de Ordenamento Territorial, o GDF convocou uma reuni\u00e3o geral com as administra\u00e7\u00f5es regionais. O encontro aconteceu hoje no Pal\u00e1cio do Buriti e foi liderado pela governadora em exerc\u00edcio, Celina Le\u00e3o.<\/p>\n<p class=\"p1\">\u201cA participa\u00e7\u00e3o de voc\u00eas (dos administradores) neste processo \u00e9 muito importante. \u00c9 preciso ouvir diretamente as demandas da comunidade para que possamos enviar \u00e0 C\u00e2mara Legislativa um projeto de lei que resolva esses problemas e que atenda \u00e0s reais necessidades do DF. Precisamos que a capital tenha seu desenvolvimento urban\u00edstico bem planejado\u201d, destacou Celina.<\/p>\n<p class=\"p1\"><span class=\"s1\">O calend\u00e1rio da revis\u00e3o do Plano Diretor de Ordenamento Territorial (PDOT) foi refor\u00e7ado \u00a0aos administradores. O prazo para recebimentos de propostas da popula\u00e7\u00e3o, que venceria em 5 deste m\u00eas, foi alterado para 30 de abril a pedido de sete entidades da sociedade civil integrantes do Comit\u00ea de Gest\u00e3o Participativa (CGP), respons\u00e1vel pela participa\u00e7\u00e3o social da revis\u00e3o do PDOT.<\/span><\/p>\n<p>Participaram tamb\u00e9m da reuni\u00e3o o secret\u00e1rio de Desenvolvimento Urbano e de Habita\u00e7\u00e3o, Marcelo Vaz, o secret\u00e1rio de Governo, Jos\u00e9 Humberto Pires entre outras autoridades do governo.<\/p>\n","protected":false},"excerpt":{"rendered":"<p>Por Samanta Sallum\u00a0 Para cobrar mais engajamento no processo de elabora\u00e7\u00e3o do Plano Diretor de Ordenamento Territorial, o GDF convocou uma reuni\u00e3o geral com as administra\u00e7\u00f5es regionais. O encontro aconteceu hoje no Pal\u00e1cio do Buriti e foi liderado pela governadora em exerc\u00edcio, Celina Le\u00e3o. \u201cA participa\u00e7\u00e3o de voc\u00eas (dos administradores) neste processo \u00e9 muito importante. \u00c9 preciso ouvir diretamente as [&hellip;]<\/p>\n","protected":false},"author":125,"featured_media":18930,"comment_status":"open","ping_status":"open","sticky":false,"template":"","format":"standard","meta":{"footnotes":""},"categories":[6],"tags":[1358,2877,1686,962,203,2690,2714,2876,639,2033],"class_list":["post-18925","post","type-post","status-publish","format-standard","has-post-thumbnail","hentry","category-coluna-capital-s-a","tag-celinaleao","tag-cgp","tag-cldf","tag-desenvolvimento","tag-gdf","tag-josehumbertopires","tag-marcelovaz","tag-palaciodoburiti","tag-pdot","tag-urbanismo"],"_links":{"self":[{"href":"https:\/\/blogs.correiobraziliense.com.br\/capital-sa\/wp-json\/wp\/v2\/posts\/18925","targetHints":{"allow":["GET"]}}],"collection":[{"href":"https:\/\/blogs.correiobraziliense.com.br\/capital-sa\/wp-json\/wp\/v2\/posts"}],"about":[{"href":"https:\/\/blogs.correiobraziliense.com.br\/capital-sa\/wp-json\/wp\/v2\/types\/post"}],"author":[{"embeddable":true,"href":"https:\/\/blogs.correiobraziliense.com.br\/capital-sa\/wp-json\/wp\/v2\/users\/125"}],"replies":[{"embeddable":true,"href":"https:\/\/blogs.correiobraziliense.com.br\/capital-sa\/wp-json\/wp\/v2\/comments?post=18925"}],"version-history":[{"count":13,"href":"https:\/\/blogs.correiobraziliense.com.br\/capital-sa\/wp-json\/wp\/v2\/posts\/18925\/revisions"}],"predecessor-version":[{"id":18941,"href":"https:\/\/blogs.correiobraziliense.com.br\/capital-sa\/wp-json\/wp\/v2\/posts\/18925\/revisions\/18941"}],"wp:featuredmedia":[{"embeddable":true,"href":"https:\/\/blogs.correiobraziliense.com.br\/capital-sa\/wp-json\/wp\/v2\/media\/18930"}],"wp:attachment":[{"href":"https:\/\/blogs.correiobraziliense.com.br\/capital-sa\/wp-json\/wp\/v2\/media?parent=18925"}],"wp:term":[{"taxonomy":"category","embeddable":true,"href":"https:\/\/blogs.correiobraziliense.com.br\/capital-sa\/wp-json\/wp\/v2\/categories?post=18925"},{"taxonomy":"post_tag","embeddable":true,"href":"https:\/\/blogs.correiobraziliense.com.br\/capital-sa\/wp-json\/wp\/v2\/tags?post=18925"}],"curies":[{"name":"wp","href":"https:\/\/api.w.org\/{rel}","templated":true}]}}