{"id":18918,"date":"2025-04-14T13:59:36","date_gmt":"2025-04-14T16:59:36","guid":{"rendered":"https:\/\/blogs.correiobraziliense.com.br\/capital-sa\/?p=18918"},"modified":"2025-04-14T18:42:08","modified_gmt":"2025-04-14T21:42:08","slug":"preco-do-chocolate-registra-alta-historica-para-a-pascoa-deste-ano","status":"publish","type":"post","link":"https:\/\/blogs.correiobraziliense.com.br\/capital-sa\/2025\/04\/14\/preco-do-chocolate-registra-alta-historica-para-a-pascoa-deste-ano\/","title":{"rendered":"Pre\u00e7o do chocolate registra alta hist\u00f3rica para a P\u00e1scoa deste ano"},"content":{"rendered":"<p class=\"p1\"><em>Bacalhau e azeite tamb\u00e9m ficaram bem mais caros, segundo pesquisa do com\u00e9rcio. O que vai resultar em retra\u00e7\u00e3o de vendas no per\u00edodo comparado com o de 2024\u00a0<\/em><\/p>\n<p class=\"p1\"><strong><span class=\"s2\">Por Samanta Sallum <\/span><\/strong><\/p>\n<p class=\"p1\"><span class=\"s2\">A disparada dos pre\u00e7os de produtos t\u00edpicos da celebra\u00e7\u00e3o da P\u00e1scoa, especialmente o chocolate, provocou a redu\u00e7\u00e3o da proje\u00e7\u00e3o de vendas para o per\u00edodo.<span class=\"Apple-converted-space\">\u00a0<\/span>O item dever\u00e1 registrar aumento m\u00e9dio de 18,9%, o maior reajuste em 13 anos. A alta \u00e9 atribu\u00edda \u00e0 valoriza\u00e7\u00e3o do cacau no mercado internacional e \u00e0 desvaloriza\u00e7\u00e3o do real ante o d\u00f3lar, que passou de R$ 5 para R$ 5,80 em um ano.<\/span><\/p>\n<p class=\"p1\">As vendas para a data dever\u00e3o somar R$ 3,36 bilh\u00f5es, n\u00famero que representa uma retra\u00e7\u00e3o de 1,4% no volume de vendas, em compara\u00e7\u00e3o ao ano anterior, j\u00e1 descontada a infla\u00e7\u00e3o. Os dados s\u00e3o da pesquisa da Confedera\u00e7\u00e3o Nacional do Com\u00e9rcio de Bens, Servi\u00e7os e Turismo (CNC),<\/p>\n<p class=\"p1\"><span class=\"s2\">No total, a cesta de bens e servi\u00e7os ligados \u00e0 P\u00e1scoa, composta por oito itens, deve ter um aumento m\u00e9dio de 7,4% nos pre\u00e7os, em rela\u00e7\u00e3o a 2024. Al\u00e9m dos chocolates, destacam-se, tamb\u00e9m, os reajustes do bacalhau (+9,6%) e do azeite de oliva (+9,0%), dois produtos tradicionais nas ceias comemorativas.<\/span><\/p>\n<p class=\"p1\"><span class=\"s2\">Outro indicativo de desaquecimento \u00e9 a queda das importa\u00e7\u00f5es. Dados da Secretaria de Com\u00e9rcio Exterior mostram que, em mar\u00e7o, a entrada de chocolates importados recuou 17,6%, enquanto o bacalhau teve retra\u00e7\u00e3o de 11,7% em volume.<\/span><\/p>\n<p class=\"p1\"><strong><span class=\"s3\">S\u00e9rie interrompida<\/span><\/strong><\/p>\n<p class=\"p1\"><span class=\"s2\">Desde 2021, o varejo vinha registrando uma trajet\u00f3ria consistente de recupera\u00e7\u00e3o das vendas de P\u00e1scoa, impulsionada pela retomada do consumo ap\u00f3s os impactos da pandemia.<\/span><\/p>\n<p class=\"p1\"><span class=\"s2\"> A data, que em 2020 marcou patamar de faturamento equipar\u00e1vel a 2007, passou a apresentar avan\u00e7os reais nos anos seguintes, refletindo a reabertura da economia e a melhora gradual do mercado de trabalho. Essa s\u00e9rie hist\u00f3rica de crescimento deve ser interrompida agora em 2025.<\/span><\/p>\n","protected":false},"excerpt":{"rendered":"<p>Bacalhau e azeite tamb\u00e9m ficaram bem mais caros, segundo pesquisa do com\u00e9rcio. O que vai resultar em retra\u00e7\u00e3o de vendas no per\u00edodo comparado com o de 2024\u00a0 Por Samanta Sallum A disparada dos pre\u00e7os de produtos t\u00edpicos da celebra\u00e7\u00e3o da P\u00e1scoa, especialmente o chocolate, provocou a redu\u00e7\u00e3o da proje\u00e7\u00e3o de vendas para o per\u00edodo.\u00a0O item dever\u00e1 registrar aumento m\u00e9dio de [&hellip;]<\/p>\n","protected":false},"author":125,"featured_media":18924,"comment_status":"open","ping_status":"open","sticky":false,"template":"","format":"standard","meta":{"footnotes":""},"categories":[6],"tags":[2875,275,408,276,907,779],"class_list":["post-18918","post","type-post","status-publish","format-standard","has-post-thumbnail","hentry","category-coluna-capital-s-a","tag-altadeprecos","tag-cnc","tag-crescimento","tag-economia","tag-pascoa","tag-varejo"],"_links":{"self":[{"href":"https:\/\/blogs.correiobraziliense.com.br\/capital-sa\/wp-json\/wp\/v2\/posts\/18918","targetHints":{"allow":["GET"]}}],"collection":[{"href":"https:\/\/blogs.correiobraziliense.com.br\/capital-sa\/wp-json\/wp\/v2\/posts"}],"about":[{"href":"https:\/\/blogs.correiobraziliense.com.br\/capital-sa\/wp-json\/wp\/v2\/types\/post"}],"author":[{"embeddable":true,"href":"https:\/\/blogs.correiobraziliense.com.br\/capital-sa\/wp-json\/wp\/v2\/users\/125"}],"replies":[{"embeddable":true,"href":"https:\/\/blogs.correiobraziliense.com.br\/capital-sa\/wp-json\/wp\/v2\/comments?post=18918"}],"version-history":[{"count":7,"href":"https:\/\/blogs.correiobraziliense.com.br\/capital-sa\/wp-json\/wp\/v2\/posts\/18918\/revisions"}],"predecessor-version":[{"id":18940,"href":"https:\/\/blogs.correiobraziliense.com.br\/capital-sa\/wp-json\/wp\/v2\/posts\/18918\/revisions\/18940"}],"wp:featuredmedia":[{"embeddable":true,"href":"https:\/\/blogs.correiobraziliense.com.br\/capital-sa\/wp-json\/wp\/v2\/media\/18924"}],"wp:attachment":[{"href":"https:\/\/blogs.correiobraziliense.com.br\/capital-sa\/wp-json\/wp\/v2\/media?parent=18918"}],"wp:term":[{"taxonomy":"category","embeddable":true,"href":"https:\/\/blogs.correiobraziliense.com.br\/capital-sa\/wp-json\/wp\/v2\/categories?post=18918"},{"taxonomy":"post_tag","embeddable":true,"href":"https:\/\/blogs.correiobraziliense.com.br\/capital-sa\/wp-json\/wp\/v2\/tags?post=18918"}],"curies":[{"name":"wp","href":"https:\/\/api.w.org\/{rel}","templated":true}]}}