{"id":18907,"date":"2025-04-11T08:40:46","date_gmt":"2025-04-11T11:40:46","guid":{"rendered":"https:\/\/blogs.correiobraziliense.com.br\/capital-sa\/?p=18907"},"modified":"2025-04-11T10:14:40","modified_gmt":"2025-04-11T13:14:40","slug":"conplan-se-manifesta-contra-novos-adiamentos-na-revisao-do-pdot","status":"publish","type":"post","link":"https:\/\/blogs.correiobraziliense.com.br\/capital-sa\/2025\/04\/11\/conplan-se-manifesta-contra-novos-adiamentos-na-revisao-do-pdot\/","title":{"rendered":"Conplan se manifesta contra novos adiamentos na revis\u00e3o do PDOT"},"content":{"rendered":"<p><em>O prazo para recebimentos de propostas da popula\u00e7\u00e3o, que venceria em 5 de abril, foi alterado pelo GDF para o dia 30, atendendo pedido de sete entidades da sociedade civil. Administradores regionais foram convocados ao Buriti para tratarem do assunto\u00a0<\/em><\/p>\n<p class=\"p1\"><strong>Por Samanta Sallum\u00a0<\/strong><\/p>\n<p class=\"p1\"><span class=\"s1\">O calend\u00e1rio da revis\u00e3o do Plano Diretor de Ordenamento Territorial (PDOT) foi o principal assunto discutido na reuni\u00e3o de ontem do Conselho de Planejamento Territorial e Urbano do Distrito Federal (Conplan). Os conselheiros manifestaram preocupa\u00e7\u00e3o com a prorroga\u00e7\u00e3o do processo e se posicionaram contra novos adiamentos.<br \/>\n<\/span><\/p>\n<p class=\"p1\"><span class=\"s1\">O prazo para recebimentos de propostas da popula\u00e7\u00e3o, que venceria em 5 de abril, foi alterado para 30 do mesmo m\u00eas a pedido de sete entidades da sociedade civil, integrantes do Comit\u00ea de Gest\u00e3o Participativa (CGP), respons\u00e1vel pela participa\u00e7\u00e3o social da revis\u00e3o do PDOT.<\/span><\/p>\n<p>Uma reuni\u00e3o geral com as administra\u00e7\u00f5es regionais para tratar desse assunto j\u00e1 foi agendada para a pr\u00f3xima segunda-feira (14), no Pal\u00e1cio do Buriti. Em carta entregue ao secret\u00e1rio de Desenvolvimento Urbano e Habita\u00e7\u00e3o, Marcelo Vaz, na reuni\u00e3o p\u00fablica sobre macrotemas do \u00faltimo s\u00e1bado (5), alguns integrantes do CGP pediram a extens\u00e3o do prazo e tamb\u00e9m mais engajamento dos administradores no processo.<\/p>\n<p class=\"p1\"><span class=\"s1\">\u201cO objetivo \u00e9 apresentar essa demanda e convencer os administradores da import\u00e2ncia da participa\u00e7\u00e3o deles para a condu\u00e7\u00e3o desse processo\u201d, ressaltou Marcelo Vaz.<\/span><\/p>\n<p><img loading=\"lazy\" decoding=\"async\" class=\"aligncenter size-medium wp-image-18912\" src=\"https:\/\/blogs.correiobraziliense.com.br\/capital-sa\/wp-content\/uploads\/sites\/59\/2025\/04\/IMG_4884-300x195.jpeg\" alt=\"\" width=\"300\" height=\"195\" srcset=\"https:\/\/blogs.correiobraziliense.com.br\/capital-sa\/wp-content\/uploads\/sites\/59\/2025\/04\/IMG_4884-300x195.jpeg 300w, https:\/\/blogs.correiobraziliense.com.br\/capital-sa\/wp-content\/uploads\/sites\/59\/2025\/04\/IMG_4884-768x499.jpeg 768w, https:\/\/blogs.correiobraziliense.com.br\/capital-sa\/wp-content\/uploads\/sites\/59\/2025\/04\/IMG_4884-1024x665.jpeg 1024w, https:\/\/blogs.correiobraziliense.com.br\/capital-sa\/wp-content\/uploads\/sites\/59\/2025\/04\/IMG_4884-800x520.jpeg 800w, https:\/\/blogs.correiobraziliense.com.br\/capital-sa\/wp-content\/uploads\/sites\/59\/2025\/04\/IMG_4884-550x357.jpeg 550w, https:\/\/blogs.correiobraziliense.com.br\/capital-sa\/wp-content\/uploads\/sites\/59\/2025\/04\/IMG_4884-230x149.jpeg 230w, https:\/\/blogs.correiobraziliense.com.br\/capital-sa\/wp-content\/uploads\/sites\/59\/2025\/04\/IMG_4884.jpeg 1170w\" sizes=\"auto, (max-width: 300px) 100vw, 300px\" \/><\/p>\n<p class=\"p1\"><span class=\"s1\">Apesar dos representantes do Conplan terem sugerido uma vota\u00e7\u00e3o para reverter o adiamento do prazo, o secret\u00e1rio Marcelo Vaz optou por manter a data de 30 de abril, para n\u00e3o gerar inseguran\u00e7a jur\u00eddica no processo de participa\u00e7\u00e3o popular.<br \/>\n<\/span><\/p>\n<p class=\"p1\"><span class=\"s1\">\u201cPara que a sociedade n\u00e3o seja prejudicada, assim como o cronograma geral, mantemos o prazo prorrogado, sem qualquer preju\u00edzo, a \u00edntegra do processo e a entrega do projeto de lei em julho na C\u00e2mara Legislativa\u201d, afirmou Marcelo Vaz.<\/span><\/p>\n<p class=\"p1\"><strong><span class=\"s1\">Manifesta\u00e7\u00f5es contr\u00e1rias <\/span><\/strong><\/p>\n<p class=\"p1\"><span class=\"s1\">Um dos conselheiros que se manifestou sobre a mudan\u00e7a no calend\u00e1rio do Plano Diretor foi o representante da Ordem dos Advogados do Brasil do Distrito Federal (OAB\/DF), Almiro J\u00fanior. Ele lembrou que o pedido de prorroga\u00e7\u00e3o foi feito por sete entidades do CGP, sendo que o colegiado possui 32 integrantes.<br \/>\n<\/span><\/p>\n<p class=\"p1\"><span class=\"s1\">\u201cN\u00e3o houve maioria. Foi por menos de 25% dos membros do CGP\u201d, argumentou Almiro J\u00fanior. \u201cOlhando por esse lado, o pedido n\u00e3o deveria ter sido atendido, porque se sete membros se manifestam e 25, n\u00e3o, pressup\u00f5e que h\u00e1 uma concord\u00e2ncia da maioria ao cronograma\u201d, ponderou.<\/span><\/p>\n","protected":false},"excerpt":{"rendered":"<p>O prazo para recebimentos de propostas da popula\u00e7\u00e3o, que venceria em 5 de abril, foi alterado pelo GDF para o dia 30, atendendo pedido de sete entidades da sociedade civil. Administradores regionais foram convocados ao Buriti para tratarem do assunto\u00a0 Por Samanta Sallum\u00a0 O calend\u00e1rio da revis\u00e3o do Plano Diretor de Ordenamento Territorial (PDOT) foi o principal assunto discutido na [&hellip;]<\/p>\n","protected":false},"author":125,"featured_media":18911,"comment_status":"open","ping_status":"open","sticky":false,"template":"","format":"standard","meta":{"footnotes":""},"categories":[6],"tags":[2874,203,2714,1023,639,1799],"class_list":["post-18907","post","type-post","status-publish","format-standard","has-post-thumbnail","hentry","category-coluna-capital-s-a","tag-almirojunior","tag-gdf","tag-marcelovaz","tag-oab-df","tag-pdot","tag-conplan"],"_links":{"self":[{"href":"https:\/\/blogs.correiobraziliense.com.br\/capital-sa\/wp-json\/wp\/v2\/posts\/18907","targetHints":{"allow":["GET"]}}],"collection":[{"href":"https:\/\/blogs.correiobraziliense.com.br\/capital-sa\/wp-json\/wp\/v2\/posts"}],"about":[{"href":"https:\/\/blogs.correiobraziliense.com.br\/capital-sa\/wp-json\/wp\/v2\/types\/post"}],"author":[{"embeddable":true,"href":"https:\/\/blogs.correiobraziliense.com.br\/capital-sa\/wp-json\/wp\/v2\/users\/125"}],"replies":[{"embeddable":true,"href":"https:\/\/blogs.correiobraziliense.com.br\/capital-sa\/wp-json\/wp\/v2\/comments?post=18907"}],"version-history":[{"count":8,"href":"https:\/\/blogs.correiobraziliense.com.br\/capital-sa\/wp-json\/wp\/v2\/posts\/18907\/revisions"}],"predecessor-version":[{"id":18917,"href":"https:\/\/blogs.correiobraziliense.com.br\/capital-sa\/wp-json\/wp\/v2\/posts\/18907\/revisions\/18917"}],"wp:featuredmedia":[{"embeddable":true,"href":"https:\/\/blogs.correiobraziliense.com.br\/capital-sa\/wp-json\/wp\/v2\/media\/18911"}],"wp:attachment":[{"href":"https:\/\/blogs.correiobraziliense.com.br\/capital-sa\/wp-json\/wp\/v2\/media?parent=18907"}],"wp:term":[{"taxonomy":"category","embeddable":true,"href":"https:\/\/blogs.correiobraziliense.com.br\/capital-sa\/wp-json\/wp\/v2\/categories?post=18907"},{"taxonomy":"post_tag","embeddable":true,"href":"https:\/\/blogs.correiobraziliense.com.br\/capital-sa\/wp-json\/wp\/v2\/tags?post=18907"}],"curies":[{"name":"wp","href":"https:\/\/api.w.org\/{rel}","templated":true}]}}