{"id":18894,"date":"2025-04-10T13:56:40","date_gmt":"2025-04-10T16:56:40","guid":{"rendered":"https:\/\/blogs.correiobraziliense.com.br\/capital-sa\/?p=18894"},"modified":"2025-04-10T18:53:50","modified_gmt":"2025-04-10T21:53:50","slug":"o-brasil-nao-pode-recuar-para-o-protecionismo-afirma-hugo-motta","status":"publish","type":"post","link":"https:\/\/blogs.correiobraziliense.com.br\/capital-sa\/2025\/04\/10\/o-brasil-nao-pode-recuar-para-o-protecionismo-afirma-hugo-motta\/","title":{"rendered":"\u201cO Brasil n\u00e3o pode recuar para o protecionismo\u201d, afirma Hugo Motta"},"content":{"rendered":"<p style=\"padding-left: 30px\"><em>Em evento liderado pelo PL, que reuniu a Frente Parlamentar do Livre Mercado, presidente da C\u00e2mara disse que pa\u00eds precisa avan\u00e7ar na reforma tribut\u00e1ria. Reuni\u00e3o teve a presen\u00e7a de Caiado e Zema<\/em><\/p>\n<p class=\"p1\"><strong>Por Samanta Sallum\u00a0<\/strong><\/p>\n<p class=\"p1\"><span class=\"s1\">Horas antes de Trump adiar por 90 dias a implementa\u00e7\u00e3o do tarifa\u00e7o, o presidente da C\u00e2mara dos Deputados, Hugo Motta (Republicanos-PB), pregou em evento com lideran\u00e7as pol\u00edticas a n\u00e3o retalia\u00e7\u00e3o aos EUA. Alertou para os riscos do protecionismo diante do novo cen\u00e1rio internacional e afirmou que o Brasil deve apostar no livre mercado como motor do desenvolvimento. \u201cO Brasil n\u00e3o pode recuar para o protecionismo. O caminho \u00e9 o livre mercado, a redu\u00e7\u00e3o da burocracia e a coragem de enfrentar os desafios com equil\u00edbrio e responsabilidade.\u201d<br \/>\n<\/span><\/p>\n<p class=\"p1\"><span class=\"s1\">A fala foi feita em evento da Frente Parlamentar do Livre Mercado (FPLM), que inaugurou oficialmente a Casa da Liberdade, em Bras\u00edlia. O espa\u00e7o nasce com a miss\u00e3o de ser o centro dos debates sobre livre mercado, empreendedorismo e liberdades individuais no Congresso Nacional. <\/span><\/p>\n<p class=\"p1\"><strong><span class=\"s1\">Avan\u00e7ar na reforma tribut\u00e1ria <\/span><\/strong><\/p>\n<p class=\"p1\"><span class=\"s1\">Motta tamb\u00e9m pontuou que o pa\u00eds deve continuar sua trajet\u00f3ria como grande exportador, gerador de empregos e renda.\u201cTemos que fazer o dever de casa, diminuir a burocracia, avan\u00e7ar na reforma tribut\u00e1ria e fortalecer o papel do Congresso como espa\u00e7o leg\u00edtimo de solu\u00e7\u00e3o\u201d, disse. <\/span><\/p>\n<p class=\"p1\"><span class=\"s1\">Na ocasi\u00e3o, foram empossados os novos presidentes da FPLM para o bi\u00eanio 2025-2026, deputada federal Caroline De Toni (PL-SC) e o senador Carlos Portinho (PL-RJ).<br \/>\n<\/span><\/p>\n<p><img loading=\"lazy\" decoding=\"async\" class=\"aligncenter size-medium wp-image-18904\" src=\"https:\/\/blogs.correiobraziliense.com.br\/capital-sa\/wp-content\/uploads\/sites\/59\/2025\/04\/8bc6b6fe-2d09-4b2c-acd8-bc031fefc38f-300x253.jpeg\" alt=\"\" width=\"300\" height=\"253\" srcset=\"https:\/\/blogs.correiobraziliense.com.br\/capital-sa\/wp-content\/uploads\/sites\/59\/2025\/04\/8bc6b6fe-2d09-4b2c-acd8-bc031fefc38f-300x253.jpeg 300w, https:\/\/blogs.correiobraziliense.com.br\/capital-sa\/wp-content\/uploads\/sites\/59\/2025\/04\/8bc6b6fe-2d09-4b2c-acd8-bc031fefc38f-768x648.jpeg 768w, https:\/\/blogs.correiobraziliense.com.br\/capital-sa\/wp-content\/uploads\/sites\/59\/2025\/04\/8bc6b6fe-2d09-4b2c-acd8-bc031fefc38f-1024x864.jpeg 1024w, https:\/\/blogs.correiobraziliense.com.br\/capital-sa\/wp-content\/uploads\/sites\/59\/2025\/04\/8bc6b6fe-2d09-4b2c-acd8-bc031fefc38f-800x675.jpeg 800w, https:\/\/blogs.correiobraziliense.com.br\/capital-sa\/wp-content\/uploads\/sites\/59\/2025\/04\/8bc6b6fe-2d09-4b2c-acd8-bc031fefc38f-550x464.jpeg 550w, https:\/\/blogs.correiobraziliense.com.br\/capital-sa\/wp-content\/uploads\/sites\/59\/2025\/04\/8bc6b6fe-2d09-4b2c-acd8-bc031fefc38f-230x194.jpeg 230w, https:\/\/blogs.correiobraziliense.com.br\/capital-sa\/wp-content\/uploads\/sites\/59\/2025\/04\/8bc6b6fe-2d09-4b2c-acd8-bc031fefc38f.jpeg 1154w\" sizes=\"auto, (max-width: 300px) 100vw, 300px\" \/><\/p>\n<p class=\"p1\"><span class=\"s1\">A cerim\u00f4nia reuniu lideran\u00e7as pol\u00edticas e representantes do setor produtivo e sociedade civil, al\u00e9m dos governadores Ronaldo Caiado (GO), Romeu Zema (MG) e Jorginho Mello (SC). Representaram o DF a deputada Bia Kicis (PL) e o senador Izalci Lucas (PL).<\/span><\/p>\n<p>&nbsp;<\/p>\n<p class=\"p1\"><strong><em><span class=\"s1\">Tamanho do Estado <\/span><\/em><\/strong><\/p>\n<p class=\"p1\"><span class=\"s1\">\u201cNossa meta \u00e9 clara: limitar o tamanho do Estado, reduzir os entraves e dar espa\u00e7o para que o povo brasileiro possa empreender, inovar e prosperar com liberdade\u201d, ressaltou a deputada De Toni. \u201cN\u00f3s vamos defender a liberdade de express\u00e3o, a liberdade de mercado e o direito de viver de todos\u201d, completou o senador Portinho.<\/span><\/p>\n","protected":false},"excerpt":{"rendered":"<p>Em evento liderado pelo PL, que reuniu a Frente Parlamentar do Livre Mercado, presidente da C\u00e2mara disse que pa\u00eds precisa avan\u00e7ar na reforma tribut\u00e1ria. Reuni\u00e3o teve a presen\u00e7a de Caiado e Zema Por Samanta Sallum\u00a0 Horas antes de Trump adiar por 90 dias a implementa\u00e7\u00e3o do tarifa\u00e7o, o presidente da C\u00e2mara dos Deputados, Hugo Motta (Republicanos-PB), pregou em evento com [&hellip;]<\/p>\n","protected":false},"author":125,"featured_media":18898,"comment_status":"open","ping_status":"open","sticky":false,"template":"","format":"standard","meta":{"footnotes":""},"categories":[6],"tags":[449,1590,2523,2872,2871,254,2703,2869,2847,2146,2873,2870,2867,629,2868,2804,2859,2],"class_list":["post-18894","post","type-post","status-publish","format-standard","has-post-thumbnail","hentry","category-coluna-capital-s-a","tag-449","tag-biakicis","tag-camaradosdeputados","tag-carlosportinho","tag-carolinedetoni","tag-congressonacional","tag-donaldtrump","tag-fplm","tag-hugomotta","tag-izalcilucas","tag-jorginhomello","tag-livremercado","tag-protecionismo","tag-reformatributaria","tag-romeuzema","tag-ronaldocaiado","tag-tarifaco","tag-empreendedorismo"],"_links":{"self":[{"href":"https:\/\/blogs.correiobraziliense.com.br\/capital-sa\/wp-json\/wp\/v2\/posts\/18894","targetHints":{"allow":["GET"]}}],"collection":[{"href":"https:\/\/blogs.correiobraziliense.com.br\/capital-sa\/wp-json\/wp\/v2\/posts"}],"about":[{"href":"https:\/\/blogs.correiobraziliense.com.br\/capital-sa\/wp-json\/wp\/v2\/types\/post"}],"author":[{"embeddable":true,"href":"https:\/\/blogs.correiobraziliense.com.br\/capital-sa\/wp-json\/wp\/v2\/users\/125"}],"replies":[{"embeddable":true,"href":"https:\/\/blogs.correiobraziliense.com.br\/capital-sa\/wp-json\/wp\/v2\/comments?post=18894"}],"version-history":[{"count":10,"href":"https:\/\/blogs.correiobraziliense.com.br\/capital-sa\/wp-json\/wp\/v2\/posts\/18894\/revisions"}],"predecessor-version":[{"id":18906,"href":"https:\/\/blogs.correiobraziliense.com.br\/capital-sa\/wp-json\/wp\/v2\/posts\/18894\/revisions\/18906"}],"wp:featuredmedia":[{"embeddable":true,"href":"https:\/\/blogs.correiobraziliense.com.br\/capital-sa\/wp-json\/wp\/v2\/media\/18898"}],"wp:attachment":[{"href":"https:\/\/blogs.correiobraziliense.com.br\/capital-sa\/wp-json\/wp\/v2\/media?parent=18894"}],"wp:term":[{"taxonomy":"category","embeddable":true,"href":"https:\/\/blogs.correiobraziliense.com.br\/capital-sa\/wp-json\/wp\/v2\/categories?post=18894"},{"taxonomy":"post_tag","embeddable":true,"href":"https:\/\/blogs.correiobraziliense.com.br\/capital-sa\/wp-json\/wp\/v2\/tags?post=18894"}],"curies":[{"name":"wp","href":"https:\/\/api.w.org\/{rel}","templated":true}]}}