{"id":18879,"date":"2025-04-08T17:40:12","date_gmt":"2025-04-08T20:40:12","guid":{"rendered":"https:\/\/blogs.correiobraziliense.com.br\/capital-sa\/?p=18879"},"modified":"2025-04-08T22:03:08","modified_gmt":"2025-04-09T01:03:08","slug":"rafael-lucchesi-sai-da-cni-para-assumir-grupo-tupy","status":"publish","type":"post","link":"https:\/\/blogs.correiobraziliense.com.br\/capital-sa\/2025\/04\/08\/rafael-lucchesi-sai-da-cni-para-assumir-grupo-tupy\/","title":{"rendered":"Rafael Lucchesi sai da CNI para assumir grupo Tupy"},"content":{"rendered":"<p class=\"p1\" style=\"text-align: left\"><strong>Por Samanta Sallum\u00a0<\/strong><\/p>\n<p class=\"p1\"><span class=\"s1\">Rafael Lucchesi deixa, nesta semana, uma das fun\u00e7\u00f5es mais importantes da Confedera\u00e7\u00e3o Nacional da Ind\u00fastria (CNI) para assumir outro grande desafio. Ser\u00e1 o novo CEO do grupo Tupy, uma das maiores metal\u00fargicas do Brasil, no lugar de Fernando Rizzo. Lucchesi foi indicado pelo BNDES e j\u00e1 eleito pelo conselho de administra\u00e7\u00e3o da companhia.<br \/>\n<\/span><\/p>\n<p class=\"p1\"><span class=\"s1\">O BNDES, ao defender a indica\u00e7\u00e3o, destacou que o executivo ocupou com excel\u00eancia os cargos de mais alta gest\u00e3o (equivalente a CEO) no Sesi (Servi\u00e7o Social da Ind\u00fastria) e no Senai (Servi\u00e7o Nacional de Aprendizagem Industrial). Lucchesi atuava na CNI desde 2007. E a entidade ainda definiu quem assumir\u00e1 o lugar. <\/span><\/p>\n<p class=\"p1\"><strong><span class=\"s1\">Moderniza\u00e7\u00e3o da ind\u00fastria brasileira <\/span><\/strong><\/p>\n<p class=\"p1\"><span class=\"s1\">O grupo Tupy tamb\u00e9m defendeu o nome ressaltando a expertise de Luchesi na formula\u00e7\u00e3o de pol\u00edticas industriais e sua atua\u00e7\u00e3o no Conselho Nacional de Desenvolvimento Industrial e o Conselho Nacional de Ci\u00eancia e Tecnologia, que refor\u00e7a seu \u201ccompromisso com a moderniza\u00e7\u00e3o da ind\u00fastria brasileira.\u201d<span class=\"Apple-converted-space\">\u00a0 \u00a0<\/span><\/span><\/p>\n<p class=\"p1\"><strong><span class=\"s1\">Decis\u00e3o dos maiores acionistas <\/span><\/strong><\/p>\n<p class=\"p1\"><span class=\"s1\">A altera\u00e7\u00e3o no comando da Tupy foi sugest\u00e3o do Banco Nacional de Desenvolvimento Econ\u00f4mico e Social (BNDES) e do fundo de pens\u00e3o do Banco do Brasil (Previ). Foi uma decis\u00e3o<span class=\"Apple-converted-space\">\u00a0<\/span>tomada pelos acionistas majorit\u00e1rios da empresa, que det\u00eam 53% da companhia.<\/span><\/p>\n","protected":false},"excerpt":{"rendered":"<p>Por Samanta Sallum\u00a0 Rafael Lucchesi deixa, nesta semana, uma das fun\u00e7\u00f5es mais importantes da Confedera\u00e7\u00e3o Nacional da Ind\u00fastria (CNI) para assumir outro grande desafio. Ser\u00e1 o novo CEO do grupo Tupy, uma das maiores metal\u00fargicas do Brasil, no lugar de Fernando Rizzo. Lucchesi foi indicado pelo BNDES e j\u00e1 eleito pelo conselho de administra\u00e7\u00e3o da companhia. O BNDES, ao defender [&hellip;]<\/p>\n","protected":false},"author":125,"featured_media":18886,"comment_status":"open","ping_status":"open","sticky":false,"template":"","format":"standard","meta":{"footnotes":""},"categories":[6],"tags":[1723,2866,1520,2864,337,273,2865,64],"class_list":["post-18879","post","type-post","status-publish","format-standard","has-post-thumbnail","hentry","category-coluna-capital-s-a","tag-bndes","tag-fernandorizzo","tag-industriabrasileira","tag-rafaellucchesi","tag-senai","tag-sesi","tag-tupy","tag-cni"],"_links":{"self":[{"href":"https:\/\/blogs.correiobraziliense.com.br\/capital-sa\/wp-json\/wp\/v2\/posts\/18879","targetHints":{"allow":["GET"]}}],"collection":[{"href":"https:\/\/blogs.correiobraziliense.com.br\/capital-sa\/wp-json\/wp\/v2\/posts"}],"about":[{"href":"https:\/\/blogs.correiobraziliense.com.br\/capital-sa\/wp-json\/wp\/v2\/types\/post"}],"author":[{"embeddable":true,"href":"https:\/\/blogs.correiobraziliense.com.br\/capital-sa\/wp-json\/wp\/v2\/users\/125"}],"replies":[{"embeddable":true,"href":"https:\/\/blogs.correiobraziliense.com.br\/capital-sa\/wp-json\/wp\/v2\/comments?post=18879"}],"version-history":[{"count":7,"href":"https:\/\/blogs.correiobraziliense.com.br\/capital-sa\/wp-json\/wp\/v2\/posts\/18879\/revisions"}],"predecessor-version":[{"id":18889,"href":"https:\/\/blogs.correiobraziliense.com.br\/capital-sa\/wp-json\/wp\/v2\/posts\/18879\/revisions\/18889"}],"wp:featuredmedia":[{"embeddable":true,"href":"https:\/\/blogs.correiobraziliense.com.br\/capital-sa\/wp-json\/wp\/v2\/media\/18886"}],"wp:attachment":[{"href":"https:\/\/blogs.correiobraziliense.com.br\/capital-sa\/wp-json\/wp\/v2\/media?parent=18879"}],"wp:term":[{"taxonomy":"category","embeddable":true,"href":"https:\/\/blogs.correiobraziliense.com.br\/capital-sa\/wp-json\/wp\/v2\/categories?post=18879"},{"taxonomy":"post_tag","embeddable":true,"href":"https:\/\/blogs.correiobraziliense.com.br\/capital-sa\/wp-json\/wp\/v2\/tags?post=18879"}],"curies":[{"name":"wp","href":"https:\/\/api.w.org\/{rel}","templated":true}]}}