{"id":18866,"date":"2025-04-07T17:34:12","date_gmt":"2025-04-07T20:34:12","guid":{"rendered":"https:\/\/blogs.correiobraziliense.com.br\/capital-sa\/?p=18866"},"modified":"2025-04-07T19:02:37","modified_gmt":"2025-04-07T22:02:37","slug":"cerva-ao-quadrado-mercado-cervejeiro-brasiliense-ganha-representatividade","status":"publish","type":"post","link":"https:\/\/blogs.correiobraziliense.com.br\/capital-sa\/2025\/04\/07\/cerva-ao-quadrado-mercado-cervejeiro-brasiliense-ganha-representatividade\/","title":{"rendered":"Cerva ao Quadrado: mercado cervejeiro brasiliense ganha representatividade"},"content":{"rendered":"<p class=\"p1\"><strong>Por Samanta Sallum<\/strong><\/p>\n<p>Com o objetivo de organizar e ampliar a atua\u00e7\u00e3o do setor de produ\u00e7\u00e3o de cervejas no DF, foi criada a Cerva ao Quadrado, uma iniciativa que se divide em dois pilares: associa\u00e7\u00e3o e movimento. Enquanto a primeira\u00a0 busca representar formalmente o setor, articulando pol\u00edticas de incentivo e fomentando oportunidades comerciais, o movimento quer promover a cultura cervejeira brasiliense, aproximando a popula\u00e7\u00e3o do universo artesanal por meio de eventos, educa\u00e7\u00e3o e experi\u00eancias.<\/p>\n<p class=\"p1\"><span class=\"s1\">O mercado de cervejas artesanais do Distrito Federal segue em expans\u00e3o e se consolida como um importante p\u00f3lo produtivo no pa\u00eds. O DF conta, atualmente, com 17 f\u00e1bricas e 15 cervejarias ciganas (produtores que desenvolvem suas receitas, mas utilizam a estrutura de f\u00e1bricas terceirizadas para a produ\u00e7\u00e3o). Para 2025, a expectativa \u00e9 de um crescimento de 15%.<\/span><\/p>\n<p><strong>N\u00fameros<\/strong>:<\/p>\n<p class=\"p1\">&#8211; 4 milh\u00f5es de litros<br \/>\nTotal de produ\u00e7\u00e3o nas f\u00e1bricas independentes por ano<\/p>\n<p class=\"p1\"><span class=\"s1\">&#8211; R$ 50 milh\u00f5es<br \/>\n<\/span>Faturamento anual<\/p>\n<p class=\"p1\"><span class=\"s1\">\u201cA cadeia produtiva da cerveja artesanal tem impacto direto na economia, gerando empregos, movimentando bares e restaurantes e impulsionando o turismo. Precisamos de pol\u00edticas p\u00fablicas que incentivem esse mercado e reconhe\u00e7am sua import\u00e2ncia para o desenvolvimento do DF\u201d, destaca Pedro Capozzi, presidente da associa\u00e7\u00e3o.<\/span><\/p>\n","protected":false},"excerpt":{"rendered":"<p>Por Samanta Sallum Com o objetivo de organizar e ampliar a atua\u00e7\u00e3o do setor de produ\u00e7\u00e3o de cervejas no DF, foi criada a Cerva ao Quadrado, uma iniciativa que se divide em dois pilares: associa\u00e7\u00e3o e movimento. Enquanto a primeira\u00a0 busca representar formalmente o setor, articulando pol\u00edticas de incentivo e fomentando oportunidades comerciais, o movimento quer promover a cultura cervejeira [&hellip;]<\/p>\n","protected":false},"author":125,"featured_media":18874,"comment_status":"open","ping_status":"open","sticky":false,"template":"","format":"standard","meta":{"footnotes":""},"categories":[6],"tags":[2862,320,408,962,276,1580,2863,2861],"class_list":["post-18866","post","type-post","status-publish","format-standard","has-post-thumbnail","hentry","category-coluna-capital-s-a","tag-cervaaoquadrado","tag-cerveja","tag-crescimento","tag-desenvolvimento","tag-economia","tag-mercado","tag-mercadocervejeiro","tag-pedrocapozzi"],"_links":{"self":[{"href":"https:\/\/blogs.correiobraziliense.com.br\/capital-sa\/wp-json\/wp\/v2\/posts\/18866","targetHints":{"allow":["GET"]}}],"collection":[{"href":"https:\/\/blogs.correiobraziliense.com.br\/capital-sa\/wp-json\/wp\/v2\/posts"}],"about":[{"href":"https:\/\/blogs.correiobraziliense.com.br\/capital-sa\/wp-json\/wp\/v2\/types\/post"}],"author":[{"embeddable":true,"href":"https:\/\/blogs.correiobraziliense.com.br\/capital-sa\/wp-json\/wp\/v2\/users\/125"}],"replies":[{"embeddable":true,"href":"https:\/\/blogs.correiobraziliense.com.br\/capital-sa\/wp-json\/wp\/v2\/comments?post=18866"}],"version-history":[{"count":9,"href":"https:\/\/blogs.correiobraziliense.com.br\/capital-sa\/wp-json\/wp\/v2\/posts\/18866\/revisions"}],"predecessor-version":[{"id":18878,"href":"https:\/\/blogs.correiobraziliense.com.br\/capital-sa\/wp-json\/wp\/v2\/posts\/18866\/revisions\/18878"}],"wp:featuredmedia":[{"embeddable":true,"href":"https:\/\/blogs.correiobraziliense.com.br\/capital-sa\/wp-json\/wp\/v2\/media\/18874"}],"wp:attachment":[{"href":"https:\/\/blogs.correiobraziliense.com.br\/capital-sa\/wp-json\/wp\/v2\/media?parent=18866"}],"wp:term":[{"taxonomy":"category","embeddable":true,"href":"https:\/\/blogs.correiobraziliense.com.br\/capital-sa\/wp-json\/wp\/v2\/categories?post=18866"},{"taxonomy":"post_tag","embeddable":true,"href":"https:\/\/blogs.correiobraziliense.com.br\/capital-sa\/wp-json\/wp\/v2\/tags?post=18866"}],"curies":[{"name":"wp","href":"https:\/\/api.w.org\/{rel}","templated":true}]}}