{"id":18849,"date":"2025-04-03T20:38:35","date_gmt":"2025-04-03T23:38:35","guid":{"rendered":"https:\/\/blogs.correiobraziliense.com.br\/capital-sa\/?p=18849"},"modified":"2025-04-03T21:46:47","modified_gmt":"2025-04-04T00:46:47","slug":"presidente-lula-sera-parte-da-solucao-nao-devemos-desistir-dos-eua-afirma-apex","status":"publish","type":"post","link":"https:\/\/blogs.correiobraziliense.com.br\/capital-sa\/2025\/04\/03\/presidente-lula-sera-parte-da-solucao-nao-devemos-desistir-dos-eua-afirma-apex\/","title":{"rendered":"\u201cPresidente Lula ser\u00e1 parte da solu\u00e7\u00e3o. N\u00e3o devemos desistir dos EUA\u201d , afirma Apex"},"content":{"rendered":"<p><em>Jorge Viana apontou a uni\u00e3o de todos os setores pol\u00edticos do pa\u00eds pela aprova\u00e7\u00e3o da lei de reciprocidade e que Bolsonaro ficou isolado ao apoiar tarifa\u00e7o de Trump<\/em><\/p>\n<p class=\"p1\"><strong>Por Samanta Sallum\u00a0<\/strong><\/p>\n<p class=\"p1\">O presidente da Apex, Jorge Viana, avalia que o pa\u00eds deve ter cautela antes da retalia\u00e7\u00e3o. Segundo ele, o presidente americano Donald Trump dificilmente vai conseguir implementar todas as tarifas anunciadas. Ent\u00e3o, valeria a pena esperar um pouco antes de fazer retalia\u00e7\u00e3o.<\/p>\n<p class=\"p1\"><span class=\"s1\">\u201cO presidente Lula sempre se posiciona como parte da solu\u00e7\u00e3o. N\u00e3o far\u00e1 como o governo passado, brigando com o governo americano. A diverg\u00eancia politica n\u00e3o pode afetar a rela\u00e7\u00e3o de neg\u00f3cios\u201d, afirmou Viana. Ele se referiu \u00e0 rela\u00e7\u00e3o do ex-presidente Jair Bolsonaro com o ex-presidente dos EUA, Joe Biden.<\/span><\/p>\n<p class=\"p1\"><span class=\"s1\">O presidente da Apex apontou, tamb\u00e9m, que o cen\u00e1rio atual pode acelerar a implementa\u00e7\u00e3o do acordo entre a Uni\u00e3o Europeia e o Mercosul.<\/span><\/p>\n<p><strong>Sem polariza\u00e7\u00e3o\u00a0<\/strong><\/p>\n<p class=\"p1\"><span class=\"s1\">\u201cA gente viu uma inflex\u00e3o importante dentro do Congresso Nacional, uma uni\u00e3o de for\u00e7as. Est\u00e1vamos l\u00e1, o agro, a ex-ministra Tereza Cristina, o l\u00edder do governo, o l\u00edder da oposi\u00e7\u00e3o. Houve uma converg\u00eancia ali para aprovar a lei da reciprocidade comercial\u201d, comentou Jorge Vianna.<\/span><\/p>\n<p>O petista disse que o ex-presidente Bolsonaro ficou isolado. \u201cOs seus aliados mais importantes est\u00e3o, digamos, nessa alian\u00e7a do governo, o Brasil unido para enfrentar essa situa\u00e7\u00e3o. Isso pode produzir algum realinhamento na pol\u00edtica interna, como uma mitiga\u00e7\u00e3o da polariza\u00e7\u00e3o\u201d, avaliou.<\/p>\n","protected":false},"excerpt":{"rendered":"<p>Jorge Viana apontou a uni\u00e3o de todos os setores pol\u00edticos do pa\u00eds pela aprova\u00e7\u00e3o da lei de reciprocidade e que Bolsonaro ficou isolado ao apoiar tarifa\u00e7o de Trump Por Samanta Sallum\u00a0 O presidente da Apex, Jorge Viana, avalia que o pa\u00eds deve ter cautela antes da retalia\u00e7\u00e3o. Segundo ele, o presidente americano Donald Trump dificilmente vai conseguir implementar todas as [&hellip;]<\/p>\n","protected":false},"author":125,"featured_media":18853,"comment_status":"open","ping_status":"open","sticky":false,"template":"","format":"standard","meta":{"footnotes":""},"categories":[6,1],"tags":[276,2495,1165,2859,2860,1809,42],"class_list":["post-18849","post","type-post","status-publish","format-standard","has-post-thumbnail","hentry","category-coluna-capital-s-a","category-sem-categoria","tag-economia","tag-jorgeviana","tag-lula","tag-tarifaco","tag-trump","tag-apex","tag-bolsonaro"],"_links":{"self":[{"href":"https:\/\/blogs.correiobraziliense.com.br\/capital-sa\/wp-json\/wp\/v2\/posts\/18849","targetHints":{"allow":["GET"]}}],"collection":[{"href":"https:\/\/blogs.correiobraziliense.com.br\/capital-sa\/wp-json\/wp\/v2\/posts"}],"about":[{"href":"https:\/\/blogs.correiobraziliense.com.br\/capital-sa\/wp-json\/wp\/v2\/types\/post"}],"author":[{"embeddable":true,"href":"https:\/\/blogs.correiobraziliense.com.br\/capital-sa\/wp-json\/wp\/v2\/users\/125"}],"replies":[{"embeddable":true,"href":"https:\/\/blogs.correiobraziliense.com.br\/capital-sa\/wp-json\/wp\/v2\/comments?post=18849"}],"version-history":[{"count":8,"href":"https:\/\/blogs.correiobraziliense.com.br\/capital-sa\/wp-json\/wp\/v2\/posts\/18849\/revisions"}],"predecessor-version":[{"id":18858,"href":"https:\/\/blogs.correiobraziliense.com.br\/capital-sa\/wp-json\/wp\/v2\/posts\/18849\/revisions\/18858"}],"wp:featuredmedia":[{"embeddable":true,"href":"https:\/\/blogs.correiobraziliense.com.br\/capital-sa\/wp-json\/wp\/v2\/media\/18853"}],"wp:attachment":[{"href":"https:\/\/blogs.correiobraziliense.com.br\/capital-sa\/wp-json\/wp\/v2\/media?parent=18849"}],"wp:term":[{"taxonomy":"category","embeddable":true,"href":"https:\/\/blogs.correiobraziliense.com.br\/capital-sa\/wp-json\/wp\/v2\/categories?post=18849"},{"taxonomy":"post_tag","embeddable":true,"href":"https:\/\/blogs.correiobraziliense.com.br\/capital-sa\/wp-json\/wp\/v2\/tags?post=18849"}],"curies":[{"name":"wp","href":"https:\/\/api.w.org\/{rel}","templated":true}]}}