{"id":18837,"date":"2025-04-02T21:47:43","date_gmt":"2025-04-03T00:47:43","guid":{"rendered":"https:\/\/blogs.correiobraziliense.com.br\/capital-sa\/?p=18837"},"modified":"2025-04-03T09:08:26","modified_gmt":"2025-04-03T12:08:26","slug":"tarifaco-de-trump-e-preciso-intensificar-o-dialogo-para-encontrar-saidas-diz-cni","status":"publish","type":"post","link":"https:\/\/blogs.correiobraziliense.com.br\/capital-sa\/2025\/04\/02\/tarifaco-de-trump-e-preciso-intensificar-o-dialogo-para-encontrar-saidas-diz-cni\/","title":{"rendered":"Tarifa\u00e7o de Trump: \u201c\u00c9 preciso intensificar o di\u00e1logo para encontrar sa\u00eddas\u201d, diz CNI"},"content":{"rendered":"<p><em>Confedera\u00e7\u00e3o Nacional da Ind\u00fastria vai liderar miss\u00e3o de empres\u00e1rios brasileiros aos EUA para tratar com governo americano agendas de facilita\u00e7\u00e3o de com\u00e9rcio e abertura de mercados.\u00a0Estados Unidos s\u00e3o principal destino de exporta\u00e7\u00f5es da ind\u00fastria de transforma\u00e7\u00e3o brasileira<\/em><\/p>\n<p><strong>Por Samanta Sallum\u00a0<\/strong><\/p>\n<p><span class=\"s1\">O an\u00fancio de tarifas adicionais de 10% sobre os produtos brasileiros, impostas pelo governo dos Estados Unidos, foi recebido com preocupa\u00e7\u00e3o e cautela<\/span> <span class=\"s1\">pela Confedera\u00e7\u00e3o Nacional da Ind\u00fastria (CNI). Segundo a institui\u00e7\u00e3o, \u00e9 preciso fazer uma an\u00e1lise detalhada das medidas divulgadas hoje pelo presidente norte-americano, Donald Trump, e insistir no di\u00e1logo para preservar uma rela\u00e7\u00e3o bilateral hist\u00f3rica e complementar entre o Brasil e os EUA.<\/span><\/p>\n<blockquote>\n<p class=\"p1\"><span class=\"s1\">\u00a0<\/span>&#8220;Claro que nos preocupamos com qualquer medida que dificulte a entrada dos nossos produtos em um mercado t\u00e3o importante quanto os EUA, o principal para as exporta\u00e7\u00f5es da ind\u00fastria brasileira. \u00c9 preciso insistir e intensificar o di\u00e1logo para encontrar sa\u00eddas que reduzam os eventuais impactos das medidas&#8221;, avaliou Ricardo Alban, presidente da CNI.<\/p>\n<\/blockquote>\n<p class=\"p1\"><span class=\"s1\">No caso de a\u00e7o, alum\u00ednio, e ve\u00edculos e autope\u00e7as, prevalecer\u00e1 a tarifa de 25%, anunciada recentemente.<\/span><\/p>\n<p class=\"p1\">Com objetivo de estreitar la\u00e7os e buscar solu\u00e7\u00f5es de interesse comum com os EUA, a CNI levar\u00e1 um grupo de empres\u00e1rios brasileiros ao pa\u00eds na primeira quinzena de maio. A expectativa \u00e9 de que a comitiva se re\u00fana com representantes da ind\u00fastria e do governo norte-americano para discutir agendas de facilita\u00e7\u00e3o de com\u00e9rcio e abertura de mercados de forma equilibrada.<\/p>\n<p class=\"p1\">Os Estados Unidos s\u00e3o o principal destino das exporta\u00e7\u00f5es brasileiras da ind\u00fastria de transforma\u00e7\u00e3o, especialmente de produtos de maior intensidade tecnol\u00f3gica, al\u00e9m de liderarem o com\u00e9rcio de servi\u00e7os e os investimentos bilaterais.<\/p>\n<p><strong>N\u00fameros de peso\u00a0<\/strong><\/p>\n<p class=\"p1\">Somente em 2024, a ind\u00fastria de transforma\u00e7\u00e3o brasileira exportou US$ 31,6 bilh\u00f5es em produtos para os EUA. Nesse ano, a cada R$ 1 bilh\u00e3o exportado para os EUA, foram criados 24,3 mil empregos, R$ 531,8 milh\u00f5es em massa salarial e R$ 3,6 bilh\u00f5es\u00a0em\u00a0produ\u00e7\u00e3o.<\/p>\n<p class=\"p1\">Um levantamento da CNI destaca os produtos mais exportados pelo Brasil aos Estados Unidos. De 20 itens analisados, em 13, os EUA s\u00e3o os principais compradores do produto brasileiro.<\/p>\n<p class=\"p1\"><strong><span class=\"s4\">Confira os principais produtos exportados aos EUA e a participa\u00e7\u00e3o na exporta\u00e7\u00e3o total:<\/span><\/strong><\/p>\n<p class=\"p1\"><span class=\"s1\">1. <\/span><span class=\"s4\">\u00d3leos brutos de petr\u00f3leo ou de minerais betuminosos &#8211; <\/span><span class=\"s1\">os EUA s\u00e3o destino de <\/span><span class=\"s4\">11,5% <\/span><span class=\"s1\">das exporta\u00e7\u00f5es do produto;<\/span><\/p>\n<p class=\"p1\"><span class=\"s1\">2. <\/span><span class=\"s4\">Outros produtos semimanufaturados, de ferro ou a\u00e7os, n\u00e3o ligados, contendo em peso &lt; 0,25% de carbono, de se\u00e7\u00e3o transversal retangulares \u2013<\/span><span class=\"s1\"> os EUA lideram como destino de <\/span><span class=\"s4\">74,5% <\/span><span class=\"s1\">das exporta\u00e7\u00f5es desse produto;<\/span><\/p>\n<p class=\"p1\"><span class=\"s1\">3. <\/span><span class=\"s4\">Ferro fundido bruto n\u00e3o ligado, contendo, em peso &lt;= 0,5% de f\u00f3sforo <\/span><span class=\"s1\">&#8211; os EUA lideram como destino de <\/span><span class=\"s4\">71% <\/span><span class=\"s1\">das exporta\u00e7\u00f5es do produto;<\/span><\/p>\n<p class=\"p1\"><span class=\"s1\">4. <\/span><span class=\"s4\">Caf\u00e9 n\u00e3o torrado, n\u00e3o descafeinado &#8211;<\/span><span class=\"s1\"> os EUA s\u00e3o destino de <\/span><span class=\"s4\">18% <\/span><span class=\"s1\">das exporta\u00e7\u00f5es do produto;<\/span><\/p>\n<p class=\"p1\"><span class=\"s1\">5. <\/span><span class=\"s4\">Avi\u00f5es e outros ve\u00edculos a\u00e9reos, de peso &gt; 15.000 kg, vazios &#8211;<\/span><span class=\"s1\"> os EUA lideram como destino de <\/span><span class=\"s4\">54,5% <\/span><span class=\"s1\">das exporta\u00e7\u00f5es do produto;<\/span><\/p>\n<p class=\"p1\"><span class=\"s1\">6. <\/span><span class=\"s4\">Pasta qu\u00edmica de madeira de n\u00e3o con\u00edfera, \u00e0 soda ou sulfato, semibranqueada ou branqueada &#8211;<\/span><span class=\"s1\"> os EUA s\u00e3o destino de<\/span><span class=\"s4\"> 14,7%\u00a0<\/span><span class=\"s1\">das exporta\u00e7\u00f5es do produto;<\/span><\/p>\n<p class=\"p1\"><span class=\"s1\">7. <\/span><span class=\"s4\">Produtos semimanufaturados, de outras ligas de a\u00e7os <\/span><span class=\"s1\">&#8211; os EUA lideram como destino de <\/span><span class=\"s4\">94,9% <\/span><span class=\"s1\">das exporta\u00e7\u00f5es do produto;<\/span><\/p>\n<p class=\"p1\"><span class=\"s1\">8. <\/span><span class=\"s4\">Outros \u00f3leos de petr\u00f3leo ou de minerais betuminosos e prepara\u00e7\u00f5es, exceto desperd\u00edcios &#8211;<\/span><span class=\"s1\"> os EUA s\u00e3o destino de <\/span><span class=\"s4\">7,1% <\/span><span class=\"s1\">das exporta\u00e7\u00f5es do produto;<\/span><\/p>\n<p class=\"p1\"><span class=\"s1\">9. <\/span><span class=\"s4\">Avi\u00f5es e outros ve\u00edculos a\u00e9reos, de peso &gt; 2.000 kg e &lt;= 15.000 kg, vazios &#8211;<\/span><span class=\"s1\"> os EUA lideram como destino de <\/span><span class=\"s4\">97,4% <\/span><span class=\"s1\">das exporta\u00e7\u00f5es do produto;<\/span><\/p>\n<p class=\"p1\"><span class=\"s1\">10. <\/span><span class=\"s4\">Bulldozers e angledozers, de lagartas, autopropulsores &#8211; <\/span><span class=\"s1\">os EUA lideram como destino de <\/span><span class=\"s4\">58,7% <\/span><span class=\"s1\">das exporta\u00e7\u00f5es do produto;<\/span><\/p>\n<p class=\"p1\"><span class=\"s1\">11. <\/span><span class=\"s4\">Carregadoras e p\u00e1s carregadoras, de carregamento frontal, autopropulsores <\/span><span class=\"s1\">&#8211; os EUA lideram como destino de <\/span><span class=\"s4\">57,3% <\/span><span class=\"s1\">das exporta\u00e7\u00f5es do produto;<\/span><\/p>\n<p class=\"p1\"><span class=\"s1\">12. <\/span><span class=\"s4\">Carnes de bovino, desossadas, congeladas &#8211; <\/span><span class=\"s1\">os EUA s\u00e3o destino de <\/span><span class=\"s4\">4,6% <\/span><span class=\"s1\">das exporta\u00e7\u00f5es do produto;<\/span><\/p>\n<p class=\"p1\"><span class=\"s1\">13. <\/span><span class=\"s4\">Madeira de con\u00edferas, perfilada &#8211;<\/span><span class=\"s1\"> os EUA lideram como destino de <\/span><span class=\"s4\">98% <\/span><span class=\"s1\">das exporta\u00e7\u00f5es do produto;<\/span><\/p>\n<p class=\"p1\"><span class=\"s1\">14. <\/span><span class=\"s4\">\u00d3leos leves e prepara\u00e7\u00f5es &#8211; <\/span><span class=\"s1\">os EUA lideram como destino de <\/span><span class=\"s4\">46,7% <\/span><span class=\"s1\">das exporta\u00e7\u00f5es do produto;<\/span><\/p>\n<p class=\"p1\"><span class=\"s1\">15. <\/span><span class=\"s4\">Prepara\u00e7\u00f5es aliment\u00edcias e conservas, de bovinos &#8211;<\/span><span class=\"s1\"> os EUA lideram como destino de <\/span><span class=\"s4\">59,7% <\/span><span class=\"s1\">das exporta\u00e7\u00f5es do produto;<\/span><\/p>\n<p class=\"p1\"><span class=\"s1\">16. <\/span><span class=\"s4\">Min\u00e9rios de ferro aglomerados e seus concentrados &#8211; <\/span><span class=\"s1\">os EUA s\u00e3o destino de <\/span><span class=\"s4\">12,8% <\/span><span class=\"s1\">das exporta\u00e7\u00f5es do produto;<\/span><\/p>\n<p class=\"p1\"><span class=\"s1\">17. <\/span><span class=\"s4\">\u00d3xidos de alum\u00ednio, exceto corindo artificial &#8211; <\/span><span class=\"s1\">os EUA s\u00e3o destino de <\/span><span class=\"s4\">13,8% <\/span><span class=\"s1\">das exporta\u00e7\u00f5es do produto;<\/span><\/p>\n<p class=\"p1\"><span class=\"s1\">18. <\/span><span class=\"s4\">Sucos de laranja n\u00e3o congelados, n\u00e3o fermentados, com valor Brix &lt;= 20 &#8211;<\/span><span class=\"s1\"> os EUA lideram como destino de <\/span><span class=\"s4\">54% <\/span><span class=\"s1\">das exporta\u00e7\u00f5es do produto;<\/span><\/p>\n<p class=\"p1\"><span class=\"s1\">19. <\/span><span class=\"s4\">Outras partes para motores diesel ou semidiesel &#8211;<\/span><span class=\"s1\"> os EUA lideram como destino de <\/span><span class=\"s4\">30,8% <\/span><span class=\"s1\">das exporta\u00e7\u00f5es do produto;<\/span><\/p>\n<p class=\"p1\"><span class=\"s1\">20. <\/span><span class=\"s4\">Niveladores &#8211; <\/span><span class=\"s1\">os EUA lideram como destino de <\/span><span class=\"s4\">45,3% <\/span><span class=\"s1\">das exporta\u00e7\u00f5es do produto.<\/span><\/p>\n","protected":false},"excerpt":{"rendered":"<p>Confedera\u00e7\u00e3o Nacional da Ind\u00fastria vai liderar miss\u00e3o de empres\u00e1rios brasileiros aos EUA para tratar com governo americano agendas de facilita\u00e7\u00e3o de com\u00e9rcio e abertura de mercados.\u00a0Estados Unidos s\u00e3o principal destino de exporta\u00e7\u00f5es da ind\u00fastria de transforma\u00e7\u00e3o brasileira Por Samanta Sallum\u00a0 O an\u00fancio de tarifas adicionais de 10% sobre os produtos brasileiros, impostas pelo governo dos Estados Unidos, foi recebido com [&hellip;]<\/p>\n","protected":false},"author":125,"featured_media":18839,"comment_status":"open","ping_status":"open","sticky":false,"template":"","format":"standard","meta":{"footnotes":""},"categories":[6],"tags":[2703,276,1580,2005,2859,2860,64,60],"class_list":["post-18837","post","type-post","status-publish","format-standard","has-post-thumbnail","hentry","category-coluna-capital-s-a","tag-donaldtrump","tag-economia","tag-mercado","tag-ricardoalban","tag-tarifaco","tag-trump","tag-cni","tag-industria"],"_links":{"self":[{"href":"https:\/\/blogs.correiobraziliense.com.br\/capital-sa\/wp-json\/wp\/v2\/posts\/18837","targetHints":{"allow":["GET"]}}],"collection":[{"href":"https:\/\/blogs.correiobraziliense.com.br\/capital-sa\/wp-json\/wp\/v2\/posts"}],"about":[{"href":"https:\/\/blogs.correiobraziliense.com.br\/capital-sa\/wp-json\/wp\/v2\/types\/post"}],"author":[{"embeddable":true,"href":"https:\/\/blogs.correiobraziliense.com.br\/capital-sa\/wp-json\/wp\/v2\/users\/125"}],"replies":[{"embeddable":true,"href":"https:\/\/blogs.correiobraziliense.com.br\/capital-sa\/wp-json\/wp\/v2\/comments?post=18837"}],"version-history":[{"count":8,"href":"https:\/\/blogs.correiobraziliense.com.br\/capital-sa\/wp-json\/wp\/v2\/posts\/18837\/revisions"}],"predecessor-version":[{"id":18848,"href":"https:\/\/blogs.correiobraziliense.com.br\/capital-sa\/wp-json\/wp\/v2\/posts\/18837\/revisions\/18848"}],"wp:featuredmedia":[{"embeddable":true,"href":"https:\/\/blogs.correiobraziliense.com.br\/capital-sa\/wp-json\/wp\/v2\/media\/18839"}],"wp:attachment":[{"href":"https:\/\/blogs.correiobraziliense.com.br\/capital-sa\/wp-json\/wp\/v2\/media?parent=18837"}],"wp:term":[{"taxonomy":"category","embeddable":true,"href":"https:\/\/blogs.correiobraziliense.com.br\/capital-sa\/wp-json\/wp\/v2\/categories?post=18837"},{"taxonomy":"post_tag","embeddable":true,"href":"https:\/\/blogs.correiobraziliense.com.br\/capital-sa\/wp-json\/wp\/v2\/tags?post=18837"}],"curies":[{"name":"wp","href":"https:\/\/api.w.org\/{rel}","templated":true}]}}