{"id":18828,"date":"2025-04-02T17:19:57","date_gmt":"2025-04-02T20:19:57","guid":{"rendered":"https:\/\/blogs.correiobraziliense.com.br\/capital-sa\/?p=18828"},"modified":"2025-04-03T08:26:16","modified_gmt":"2025-04-03T11:26:16","slug":"distrito-federal-supera-media-do-pais-em-reciclagem-de-vidro","status":"publish","type":"post","link":"https:\/\/blogs.correiobraziliense.com.br\/capital-sa\/2025\/04\/02\/distrito-federal-supera-media-do-pais-em-reciclagem-de-vidro\/","title":{"rendered":"Distrito Federal supera m\u00e9dia do pa\u00eds em reciclagem de vidro"},"content":{"rendered":"<p><em>Cerca de 880 mil toneladas de embalagens de vidro foram rastreadas em todo o pa\u00eds em 2024. Destas, 221 mil toneladas foram recicladas<\/em><\/p>\n<p class=\"p1\"><strong>Por Samanta Sallum\u00a0<\/strong><\/p>\n<p class=\"p1\"><span class=\"s1\">No ano em que o Brasil sedia a 30\u00aa Confer\u00eancia das Na\u00e7\u00f5es Unidas sobre Mudan\u00e7a do Clima, a COP-30, h\u00e1 um<span class=\"Apple-converted-space\">\u00a0 <\/span>indicador de sustentabilidade positivo para apresentar: houve um salto de 11% para 25,1% na reciclagem de embalagens de vidro nos \u00faltimos cinco anos, no pa\u00eds. Nesse contexto, o Distrito Federal se destaca, ao superar a m\u00e9dia nacional: 28,54% das embalagens de vidro que chegaram ao mercado consumidor da capital do pa\u00eds, no ano passado, retornaram para a reciclagem. <\/span><\/p>\n<blockquote>\n<p class=\"p1\"><span class=\"s1\">\u201cA performance do Distrito Federal \u00e9 uma das mais elevadas do pa\u00eds. Nem todas as unidades da Federa\u00e7\u00e3o atingiram a meta de 25% no final de 2024. A capital do pa\u00eds tem uma cultura de reciclagem bastante difundida. Mas sempre h\u00e1 espa\u00e7o para avan\u00e7os\u201d, disse \u00e0 coluna o CEO da Circula Vidro, F\u00e1bio Ferreira. <\/span><\/p>\n<\/blockquote>\n<p><img loading=\"lazy\" decoding=\"async\" class=\"aligncenter size-medium wp-image-18833\" src=\"https:\/\/blogs.correiobraziliense.com.br\/capital-sa\/wp-content\/uploads\/sites\/59\/2025\/04\/12d6bd05-1f91-4f20-beef-432de525e89e-300x294.jpeg\" alt=\"\" width=\"300\" height=\"294\" srcset=\"https:\/\/blogs.correiobraziliense.com.br\/capital-sa\/wp-content\/uploads\/sites\/59\/2025\/04\/12d6bd05-1f91-4f20-beef-432de525e89e-300x294.jpeg 300w, https:\/\/blogs.correiobraziliense.com.br\/capital-sa\/wp-content\/uploads\/sites\/59\/2025\/04\/12d6bd05-1f91-4f20-beef-432de525e89e-768x753.jpeg 768w, https:\/\/blogs.correiobraziliense.com.br\/capital-sa\/wp-content\/uploads\/sites\/59\/2025\/04\/12d6bd05-1f91-4f20-beef-432de525e89e-1024x1005.jpeg 1024w, https:\/\/blogs.correiobraziliense.com.br\/capital-sa\/wp-content\/uploads\/sites\/59\/2025\/04\/12d6bd05-1f91-4f20-beef-432de525e89e-800x785.jpeg 800w, https:\/\/blogs.correiobraziliense.com.br\/capital-sa\/wp-content\/uploads\/sites\/59\/2025\/04\/12d6bd05-1f91-4f20-beef-432de525e89e-550x540.jpeg 550w, https:\/\/blogs.correiobraziliense.com.br\/capital-sa\/wp-content\/uploads\/sites\/59\/2025\/04\/12d6bd05-1f91-4f20-beef-432de525e89e-230x226.jpeg 230w, https:\/\/blogs.correiobraziliense.com.br\/capital-sa\/wp-content\/uploads\/sites\/59\/2025\/04\/12d6bd05-1f91-4f20-beef-432de525e89e.jpeg 1059w\" sizes=\"auto, (max-width: 300px) 100vw, 300px\" \/><\/p>\n<p class=\"p1\">Controle:<\/p>\n<p class=\"p1\"><span class=\"s1\">877 mil toneladas de embalagens de vidro foram rastreados no ano passado. <\/span><\/p>\n<p class=\"p1\"><span class=\"s1\">221 mil toneladas foram recicladas<\/span><\/p>\n<p class=\"p1\"><strong><span class=\"s1\">Auditoria <\/span><\/strong><\/p>\n<p class=\"p1\"><span class=\"s1\">Validados pelo Minist\u00e9rio do Meio Ambiente, os dados resultam de auditoria liderada pela Circula Vidro. A institui\u00e7\u00e3o \u00e9 a \u00fanica entidade gestora da reciclagem de embalagens de vidro no pa\u00eds e realizou auditoria nas empresas.<br \/>\n<\/span><\/p>\n<p class=\"p1\"><span class=\"s1\">\u201cAo contr\u00e1rio de outras mat\u00e9rias-primas, o vidro \u00e9 100% recicl\u00e1vel, e por incont\u00e1veis vezes\u201d, acrescenta F\u00e1bio Ferreira. <\/span><\/p>\n<p class=\"p1\"><span class=\"s1\">A Circula Vidro foi Criada em 2024 a partir da parceria entre a Abividro (Associa\u00e7\u00e3o Brasileira da Ind\u00fastria do Vidro), a Abrabe (Associa\u00e7\u00e3o Brasileira de Bebidas) e o Sindicerv (Sindicato Nacional da Ind\u00fastria da Cerveja) \u2013 entidades que representam fabricantes e consumidores. <\/span><\/p>\n","protected":false},"excerpt":{"rendered":"<p>Cerca de 880 mil toneladas de embalagens de vidro foram rastreadas em todo o pa\u00eds em 2024. Destas, 221 mil toneladas foram recicladas Por Samanta Sallum\u00a0 No ano em que o Brasil sedia a 30\u00aa Confer\u00eancia das Na\u00e7\u00f5es Unidas sobre Mudan\u00e7a do Clima, a COP-30, h\u00e1 um\u00a0 indicador de sustentabilidade positivo para apresentar: houve um salto de 11% para 25,1% [&hellip;]<\/p>\n","protected":false},"author":125,"featured_media":18832,"comment_status":"open","ping_status":"open","sticky":false,"template":"","format":"standard","meta":{"footnotes":""},"categories":[6],"tags":[2856,2857,2854,2855,2279,2858,326],"class_list":["post-18828","post","type-post","status-publish","format-standard","has-post-thumbnail","hentry","category-coluna-capital-s-a","tag-abividro","tag-abrabe","tag-cop-30","tag-fabioferreira","tag-reciclagem","tag-sindicerv","tag-sustentabilidade"],"_links":{"self":[{"href":"https:\/\/blogs.correiobraziliense.com.br\/capital-sa\/wp-json\/wp\/v2\/posts\/18828","targetHints":{"allow":["GET"]}}],"collection":[{"href":"https:\/\/blogs.correiobraziliense.com.br\/capital-sa\/wp-json\/wp\/v2\/posts"}],"about":[{"href":"https:\/\/blogs.correiobraziliense.com.br\/capital-sa\/wp-json\/wp\/v2\/types\/post"}],"author":[{"embeddable":true,"href":"https:\/\/blogs.correiobraziliense.com.br\/capital-sa\/wp-json\/wp\/v2\/users\/125"}],"replies":[{"embeddable":true,"href":"https:\/\/blogs.correiobraziliense.com.br\/capital-sa\/wp-json\/wp\/v2\/comments?post=18828"}],"version-history":[{"count":8,"href":"https:\/\/blogs.correiobraziliense.com.br\/capital-sa\/wp-json\/wp\/v2\/posts\/18828\/revisions"}],"predecessor-version":[{"id":18847,"href":"https:\/\/blogs.correiobraziliense.com.br\/capital-sa\/wp-json\/wp\/v2\/posts\/18828\/revisions\/18847"}],"wp:featuredmedia":[{"embeddable":true,"href":"https:\/\/blogs.correiobraziliense.com.br\/capital-sa\/wp-json\/wp\/v2\/media\/18832"}],"wp:attachment":[{"href":"https:\/\/blogs.correiobraziliense.com.br\/capital-sa\/wp-json\/wp\/v2\/media?parent=18828"}],"wp:term":[{"taxonomy":"category","embeddable":true,"href":"https:\/\/blogs.correiobraziliense.com.br\/capital-sa\/wp-json\/wp\/v2\/categories?post=18828"},{"taxonomy":"post_tag","embeddable":true,"href":"https:\/\/blogs.correiobraziliense.com.br\/capital-sa\/wp-json\/wp\/v2\/tags?post=18828"}],"curies":[{"name":"wp","href":"https:\/\/api.w.org\/{rel}","templated":true}]}}