{"id":18818,"date":"2025-04-02T10:49:28","date_gmt":"2025-04-02T13:49:28","guid":{"rendered":"https:\/\/blogs.correiobraziliense.com.br\/capital-sa\/?p=18818"},"modified":"2025-04-02T12:12:45","modified_gmt":"2025-04-02T15:12:45","slug":"pascoa-aumento-de-precos-e-de-juros-reduz-projecao-de-vendas-nas","status":"publish","type":"post","link":"https:\/\/blogs.correiobraziliense.com.br\/capital-sa\/2025\/04\/02\/pascoa-aumento-de-precos-e-de-juros-reduz-projecao-de-vendas-nas\/","title":{"rendered":"P\u00e1scoa: aumento de pre\u00e7os e de juros reduz proje\u00e7\u00e3o de vendas"},"content":{"rendered":"<p><em>Este ano, em todo o pa\u00eds, foram colocados no mercado 47 milh\u00f5es de ovos de p\u00e1scoa contra 58 milh\u00f5es nesta mesma \u00e9poca em 2024<\/em><\/p>\n<p><strong>Por Samanta Sallum\u00a0<\/strong><\/p>\n<p>No com\u00e9rcio do Distrito Federal, as vendas de ovos e barras de chocolate para a P\u00e1scoa deste ano devem ter expans\u00e3o de 2,3% contra 4,5% na mesma data em 2024. A estimativa \u00e9 do Sindicato do Com\u00e9rcio Varejista \u2013 Sindivarejista. A redu\u00e7\u00e3o no consumo \u00e9 atribu\u00edda aos juros altos e \u00e0 cautela da grande maioria dos consumidores diante do aumento de pre\u00e7os praticados pela ind\u00fastria.<\/p>\n<p>O presidente do Sindivarejista, Sebasti\u00e3o Abritta, diz que o pico das vendas ser\u00e1 entre os dias 14 e 19 de abril. O domingo de P\u00e1scoa ser\u00e1 no dia 20.<\/p>\n<p>Estudo feito pelo Sindivarejista indica que as mulheres s\u00e3o respons\u00e1veis por 76% das compras para a P\u00e1scoa, ficando os homens com 24%.<\/p>\n","protected":false},"excerpt":{"rendered":"<p>Este ano, em todo o pa\u00eds, foram colocados no mercado 47 milh\u00f5es de ovos de p\u00e1scoa contra 58 milh\u00f5es nesta mesma \u00e9poca em 2024 Por Samanta Sallum\u00a0 No com\u00e9rcio do Distrito Federal, as vendas de ovos e barras de chocolate para a P\u00e1scoa deste ano devem ter expans\u00e3o de 2,3% contra 4,5% na mesma data em 2024. A estimativa \u00e9 [&hellip;]<\/p>\n","protected":false},"author":125,"featured_media":18822,"comment_status":"open","ping_status":"open","sticky":false,"template":"","format":"standard","meta":{"footnotes":""},"categories":[6],"tags":[336,276,1829,907,1963,2266,10,779],"class_list":["post-18818","post","type-post","status-publish","format-standard","has-post-thumbnail","hentry","category-coluna-capital-s-a","tag-consumo","tag-economia","tag-juros","tag-pascoa","tag-sebastiaoabritta","tag-sindivarejista-df","tag-comercio","tag-varejo"],"_links":{"self":[{"href":"https:\/\/blogs.correiobraziliense.com.br\/capital-sa\/wp-json\/wp\/v2\/posts\/18818","targetHints":{"allow":["GET"]}}],"collection":[{"href":"https:\/\/blogs.correiobraziliense.com.br\/capital-sa\/wp-json\/wp\/v2\/posts"}],"about":[{"href":"https:\/\/blogs.correiobraziliense.com.br\/capital-sa\/wp-json\/wp\/v2\/types\/post"}],"author":[{"embeddable":true,"href":"https:\/\/blogs.correiobraziliense.com.br\/capital-sa\/wp-json\/wp\/v2\/users\/125"}],"replies":[{"embeddable":true,"href":"https:\/\/blogs.correiobraziliense.com.br\/capital-sa\/wp-json\/wp\/v2\/comments?post=18818"}],"version-history":[{"count":8,"href":"https:\/\/blogs.correiobraziliense.com.br\/capital-sa\/wp-json\/wp\/v2\/posts\/18818\/revisions"}],"predecessor-version":[{"id":18827,"href":"https:\/\/blogs.correiobraziliense.com.br\/capital-sa\/wp-json\/wp\/v2\/posts\/18818\/revisions\/18827"}],"wp:featuredmedia":[{"embeddable":true,"href":"https:\/\/blogs.correiobraziliense.com.br\/capital-sa\/wp-json\/wp\/v2\/media\/18822"}],"wp:attachment":[{"href":"https:\/\/blogs.correiobraziliense.com.br\/capital-sa\/wp-json\/wp\/v2\/media?parent=18818"}],"wp:term":[{"taxonomy":"category","embeddable":true,"href":"https:\/\/blogs.correiobraziliense.com.br\/capital-sa\/wp-json\/wp\/v2\/categories?post=18818"},{"taxonomy":"post_tag","embeddable":true,"href":"https:\/\/blogs.correiobraziliense.com.br\/capital-sa\/wp-json\/wp\/v2\/tags?post=18818"}],"curies":[{"name":"wp","href":"https:\/\/api.w.org\/{rel}","templated":true}]}}