{"id":18805,"date":"2025-04-02T09:33:29","date_gmt":"2025-04-02T12:33:29","guid":{"rendered":"https:\/\/blogs.correiobraziliense.com.br\/capital-sa\/?p=18805"},"modified":"2025-04-02T09:53:48","modified_gmt":"2025-04-02T12:53:48","slug":"criacao-de-novas-areas-habitacionais-pelo-pdot-demanda-mais-comercio-e-servicos-no-df","status":"publish","type":"post","link":"https:\/\/blogs.correiobraziliense.com.br\/capital-sa\/2025\/04\/02\/criacao-de-novas-areas-habitacionais-pelo-pdot-demanda-mais-comercio-e-servicos-no-df\/","title":{"rendered":"Cria\u00e7\u00e3o de \u00e1reas habitacionais pelo PDOT demanda mais com\u00e9rcio e servi\u00e7os no DF"},"content":{"rendered":"<p class=\"p1\"><strong>Por Samanta Sallum\u00a0<\/strong><\/p>\n<p class=\"p1\"><span class=\"s1\">Considerado por representantes do setor produtivo, pelo GDF e pela C\u00e2mara Legislativa como a pauta principal de 2025, o PDOT pode viabilizar at\u00e9 26 novas \u00e1reas de regulariza\u00e7\u00e3o no Distrito Federal. E tamb\u00e9m apontar\u00e1 as frentes de desenvolvimento econ\u00f4mico sustent\u00e1vel da capital federal.<span class=\"Apple-converted-space\">\u00a0<\/span>Para tratar do tema, o presidente do Sistema Fecom\u00e9rcio-DF, Jos\u00e9 Aparecido Freire, explicou a diretoria da federa\u00e7\u00e3o receberam, ontem, o secret\u00e1rio de Desenvolvimento Urbano e Habita\u00e7\u00e3o do Distrito Federal, Marcelo Vaz. E tamb\u00e9m os desdobramentos da revis\u00e3o da Lei de Uso e Ocupa\u00e7\u00e3o do Solo (Luos).<br \/>\n<\/span><\/p>\n<p class=\"p1\"><span class=\"s1\">O encontro contou tamb\u00e9m com a presen\u00e7a da subsecret\u00e1ria de Pol\u00edticas e Planejamento Urbano, Juliana Coelho, e refor\u00e7ou a participa\u00e7\u00e3o do setor produtivo nas decis\u00f5es que definir\u00e3o o futuro urbano da capital.<\/span><\/p>\n<p class=\"p1\"><strong><span class=\"s1\">Audi\u00eancias publicas <\/span><\/strong><\/p>\n<p class=\"p1\"><span class=\"s1\">Marcelo Vaz convidou todos para participar das audi\u00eancias p\u00fablicas que ocorrer\u00e3o em abril \u2014 nos dias 5, no Col\u00e9gio Elefante Branco, e 26, na C\u00e2mara Legislativa. Segundo o secret\u00e1rio, a ideia \u00e9 que os empres\u00e1rios apontem nesta fase as regi\u00f5es que precisam receber mais investimento do GDF, com a utiliza\u00e7\u00e3o de instrumentos para desenvolvimento econ\u00f4mico. E a cria\u00e7\u00e3o de \u00e1reas habitacionais v\u00e3o demandar a instala\u00e7\u00e3o do com\u00e9rcio para suprir as regi\u00f5es.<\/span><\/p>\n<blockquote>\n<p class=\"p1\"><span class=\"s1\"> \u201cEstamos atentos a todos os temas que impactam o com\u00e9rcio e a qualidade de vida da popula\u00e7\u00e3o. Assim como atuamos nas discuss\u00f5es da Luos e do PPCUB, estaremos presentes na revis\u00e3o do PDOT, defendendo os interesses dos empres\u00e1rios e dos cidad\u00e3os, que merecem melhor infraestrutura e a aplica\u00e7\u00e3o eficiente dos recursos p\u00fablicos\u201d, afirmou o presidente da Fecom\u00e9rcio\/DF, Jos\u00e9 Aparecido Freire. <\/span><\/p>\n<\/blockquote>\n<p class=\"p1\"><strong><span class=\"s1\">Diagn\u00f3stico por regi\u00e3o <\/span><\/strong><\/p>\n<p class=\"p1\"><span class=\"s1\">Durante o encontro, Marcelo Vaz tamb\u00e9m apresentou um panorama da revis\u00e3o da Luos, aprovada em 2019. Segundo ele, embora a lei tenha garantido maior seguran\u00e7a jur\u00eddica ao estabelecer crit\u00e9rios claros de ocupa\u00e7\u00e3o, o momento agora \u00e9 de aprofundar a an\u00e1lise das necessidades espec\u00edficas de cada cidade do DF.<\/span><\/p>\n<p class=\"p1\"><strong><span class=\"s1\">Planos de interven\u00e7\u00e3o urbana em execu\u00e7\u00e3o <\/span><\/strong><\/p>\n<p class=\"p1\"><span class=\"s1\">\u201cSabemos que h\u00e1 demandas para mudan\u00e7as de uso, amplia\u00e7\u00e3o do potencial construtivo e revaloriza\u00e7\u00e3o de \u00e1reas comerciais degradadas. Muitas cidades n\u00e3o t\u00eam sequer cal\u00e7adas adequadas, o que dificulta o acesso da popula\u00e7\u00e3o ao com\u00e9rcio local. \u00c9 justamente isso que estamos trabalhando com os planos de interven\u00e7\u00e3o urbana\u201d, destacou Vaz. <\/span><\/p>\n","protected":false},"excerpt":{"rendered":"<p>Por Samanta Sallum\u00a0 Considerado por representantes do setor produtivo, pelo GDF e pela C\u00e2mara Legislativa como a pauta principal de 2025, o PDOT pode viabilizar at\u00e9 26 novas \u00e1reas de regulariza\u00e7\u00e3o no Distrito Federal. E tamb\u00e9m apontar\u00e1 as frentes de desenvolvimento econ\u00f4mico sustent\u00e1vel da capital federal.\u00a0Para tratar do tema, o presidente do Sistema Fecom\u00e9rcio-DF, Jos\u00e9 Aparecido Freire, explicou a diretoria [&hellip;]<\/p>\n","protected":false},"author":125,"featured_media":18809,"comment_status":"open","ping_status":"open","sticky":false,"template":"","format":"standard","meta":{"footnotes":""},"categories":[6],"tags":[1686,962,276,734,203,1544,1040,2853,624,2714,639,568,414,454,10],"class_list":["post-18805","post","type-post","status-publish","format-standard","has-post-thumbnail","hentry","category-coluna-capital-s-a","tag-cldf","tag-desenvolvimento","tag-economia","tag-fecomercio-df","tag-gdf","tag-habitacao","tag-joseaparecidofreire","tag-julianacoelho","tag-luos","tag-marcelovaz","tag-pdot","tag-ppcub","tag-regularizacao","tag-servicos","tag-comercio"],"_links":{"self":[{"href":"https:\/\/blogs.correiobraziliense.com.br\/capital-sa\/wp-json\/wp\/v2\/posts\/18805","targetHints":{"allow":["GET"]}}],"collection":[{"href":"https:\/\/blogs.correiobraziliense.com.br\/capital-sa\/wp-json\/wp\/v2\/posts"}],"about":[{"href":"https:\/\/blogs.correiobraziliense.com.br\/capital-sa\/wp-json\/wp\/v2\/types\/post"}],"author":[{"embeddable":true,"href":"https:\/\/blogs.correiobraziliense.com.br\/capital-sa\/wp-json\/wp\/v2\/users\/125"}],"replies":[{"embeddable":true,"href":"https:\/\/blogs.correiobraziliense.com.br\/capital-sa\/wp-json\/wp\/v2\/comments?post=18805"}],"version-history":[{"count":5,"href":"https:\/\/blogs.correiobraziliense.com.br\/capital-sa\/wp-json\/wp\/v2\/posts\/18805\/revisions"}],"predecessor-version":[{"id":18815,"href":"https:\/\/blogs.correiobraziliense.com.br\/capital-sa\/wp-json\/wp\/v2\/posts\/18805\/revisions\/18815"}],"wp:featuredmedia":[{"embeddable":true,"href":"https:\/\/blogs.correiobraziliense.com.br\/capital-sa\/wp-json\/wp\/v2\/media\/18809"}],"wp:attachment":[{"href":"https:\/\/blogs.correiobraziliense.com.br\/capital-sa\/wp-json\/wp\/v2\/media?parent=18805"}],"wp:term":[{"taxonomy":"category","embeddable":true,"href":"https:\/\/blogs.correiobraziliense.com.br\/capital-sa\/wp-json\/wp\/v2\/categories?post=18805"},{"taxonomy":"post_tag","embeddable":true,"href":"https:\/\/blogs.correiobraziliense.com.br\/capital-sa\/wp-json\/wp\/v2\/tags?post=18805"}],"curies":[{"name":"wp","href":"https:\/\/api.w.org\/{rel}","templated":true}]}}