{"id":18797,"date":"2025-04-02T09:31:18","date_gmt":"2025-04-02T12:31:18","guid":{"rendered":"https:\/\/blogs.correiobraziliense.com.br\/capital-sa\/?p=18797"},"modified":"2025-04-02T13:15:57","modified_gmt":"2025-04-02T16:15:57","slug":"jeans-do-bem-projeto-social-se-posiciona-no-mercado-de-luxo","status":"publish","type":"post","link":"https:\/\/blogs.correiobraziliense.com.br\/capital-sa\/2025\/04\/02\/jeans-do-bem-projeto-social-se-posiciona-no-mercado-de-luxo\/","title":{"rendered":"Jeans do Bem: projeto social posiciona-se no mercado de luxo"},"content":{"rendered":"<p class=\"p1\" style=\"padding-left: 30px\">Por<strong> Samanta Sallum<\/strong><\/p>\n<p class=\"p1\"><span class=\"s1\">O Jeans do Bem surgiu como uma iniciativa social do grupo Levvo, em Bras\u00edlia, com um conceito 100% focado no jeans reutilizado. A destina\u00e7\u00e3o integral da arrecada\u00e7\u00e3o com a venda das pe\u00e7as vai para projetos sociais. Agora, a marca evolui para um novo momento, com uma identidade renovada e uma proposta exclusiva, posicionando-se no mercado de luxo.<br \/>\n<\/span><\/p>\n<p class=\"p1\"><span class=\"s1\">Continua com o upcycling de pe\u00e7as antigas, mas tamb\u00e9m incorpora tecidos selecionados de f\u00e1brica com certifica\u00e7\u00e3o da Better Cotton Iniciative e Algod\u00e3o Brasileiro Respons\u00e1vel. A nova cole\u00e7\u00e3o, batizada de Ressignificar, ser\u00e1 lan\u00e7ada na pr\u00f3xima quinta-feira por Laura Oliveira, CEO do Grupo Levvo.<br \/>\n<\/span><\/p>\n<p><img loading=\"lazy\" decoding=\"async\" class=\"aligncenter size-medium wp-image-18802\" src=\"https:\/\/blogs.correiobraziliense.com.br\/capital-sa\/wp-content\/uploads\/sites\/59\/2025\/04\/b6fa10b3-cffc-4b37-a789-064b110d718f-189x300.jpeg\" alt=\"\" width=\"189\" height=\"300\" srcset=\"https:\/\/blogs.correiobraziliense.com.br\/capital-sa\/wp-content\/uploads\/sites\/59\/2025\/04\/b6fa10b3-cffc-4b37-a789-064b110d718f-189x300.jpeg 189w, https:\/\/blogs.correiobraziliense.com.br\/capital-sa\/wp-content\/uploads\/sites\/59\/2025\/04\/b6fa10b3-cffc-4b37-a789-064b110d718f-768x1218.jpeg 768w, https:\/\/blogs.correiobraziliense.com.br\/capital-sa\/wp-content\/uploads\/sites\/59\/2025\/04\/b6fa10b3-cffc-4b37-a789-064b110d718f-646x1024.jpeg 646w, https:\/\/blogs.correiobraziliense.com.br\/capital-sa\/wp-content\/uploads\/sites\/59\/2025\/04\/b6fa10b3-cffc-4b37-a789-064b110d718f-800x1269.jpeg 800w, https:\/\/blogs.correiobraziliense.com.br\/capital-sa\/wp-content\/uploads\/sites\/59\/2025\/04\/b6fa10b3-cffc-4b37-a789-064b110d718f-550x872.jpeg 550w, https:\/\/blogs.correiobraziliense.com.br\/capital-sa\/wp-content\/uploads\/sites\/59\/2025\/04\/b6fa10b3-cffc-4b37-a789-064b110d718f-230x365.jpeg 230w, https:\/\/blogs.correiobraziliense.com.br\/capital-sa\/wp-content\/uploads\/sites\/59\/2025\/04\/b6fa10b3-cffc-4b37-a789-064b110d718f.jpeg 807w\" sizes=\"auto, (max-width: 189px) 100vw, 189px\" \/><\/p>\n<p class=\"p1\"><span class=\"s1\">O desfile ser\u00e1 no Unique Palace depois da cerim\u00f4nia de entrega do t\u00edtulo de cidad\u00e3 honor\u00e1ria \u00e0 empresaria, pela C\u00e2mara Legislativa. A iniciativa foi do deputado Rooselvet (PL).<\/span><\/p>\n<p class=\"p1\"><strong><span class=\"s1\">Pr\u00eamio Empreendedor<\/span><\/strong><\/p>\n<p class=\"p1\"><span class=\"s1\">As pe\u00e7as da Jeans do Bem s\u00e3o cuidadosamente confeccionadas por mulheres que fazem parte do Instituto Levvo, onde encontram na costura uma oportunidade de aprendizado e transforma\u00e7\u00e3o.<br \/>\n<\/span><\/p>\n<p class=\"p1\"><span class=\"s1\">Laura Oliveira vai ao evento anunciar, tamb\u00e9m, a cria\u00e7\u00e3o do Pr\u00eamio Levvo Empreendedor.<\/span><\/p>\n<p>&nbsp;<\/p>\n","protected":false},"excerpt":{"rendered":"<p>Por Samanta Sallum O Jeans do Bem surgiu como uma iniciativa social do grupo Levvo, em Bras\u00edlia, com um conceito 100% focado no jeans reutilizado. A destina\u00e7\u00e3o integral da arrecada\u00e7\u00e3o com a venda das pe\u00e7as vai para projetos sociais. Agora, a marca evolui para um novo momento, com uma identidade renovada e uma proposta exclusiva, posicionando-se no mercado de luxo. [&hellip;]<\/p>\n","protected":false},"author":125,"featured_media":18817,"comment_status":"open","ping_status":"open","sticky":false,"template":"","format":"standard","meta":{"footnotes":""},"categories":[6],"tags":[1686,1945,2731,767,2852,2851],"class_list":["post-18797","post","type-post","status-publish","format-standard","has-post-thumbnail","hentry","category-coluna-capital-s-a","tag-cldf","tag-empreendedorismofeminino","tag-empreendorismo","tag-levvo","tag-reutilizacao","tag-roosevelt"],"_links":{"self":[{"href":"https:\/\/blogs.correiobraziliense.com.br\/capital-sa\/wp-json\/wp\/v2\/posts\/18797","targetHints":{"allow":["GET"]}}],"collection":[{"href":"https:\/\/blogs.correiobraziliense.com.br\/capital-sa\/wp-json\/wp\/v2\/posts"}],"about":[{"href":"https:\/\/blogs.correiobraziliense.com.br\/capital-sa\/wp-json\/wp\/v2\/types\/post"}],"author":[{"embeddable":true,"href":"https:\/\/blogs.correiobraziliense.com.br\/capital-sa\/wp-json\/wp\/v2\/users\/125"}],"replies":[{"embeddable":true,"href":"https:\/\/blogs.correiobraziliense.com.br\/capital-sa\/wp-json\/wp\/v2\/comments?post=18797"}],"version-history":[{"count":7,"href":"https:\/\/blogs.correiobraziliense.com.br\/capital-sa\/wp-json\/wp\/v2\/posts\/18797\/revisions"}],"predecessor-version":[{"id":18813,"href":"https:\/\/blogs.correiobraziliense.com.br\/capital-sa\/wp-json\/wp\/v2\/posts\/18797\/revisions\/18813"}],"wp:featuredmedia":[{"embeddable":true,"href":"https:\/\/blogs.correiobraziliense.com.br\/capital-sa\/wp-json\/wp\/v2\/media\/18817"}],"wp:attachment":[{"href":"https:\/\/blogs.correiobraziliense.com.br\/capital-sa\/wp-json\/wp\/v2\/media?parent=18797"}],"wp:term":[{"taxonomy":"category","embeddable":true,"href":"https:\/\/blogs.correiobraziliense.com.br\/capital-sa\/wp-json\/wp\/v2\/categories?post=18797"},{"taxonomy":"post_tag","embeddable":true,"href":"https:\/\/blogs.correiobraziliense.com.br\/capital-sa\/wp-json\/wp\/v2\/tags?post=18797"}],"curies":[{"name":"wp","href":"https:\/\/api.w.org\/{rel}","templated":true}]}}