{"id":18768,"date":"2025-04-01T11:23:48","date_gmt":"2025-04-01T14:23:48","guid":{"rendered":"https:\/\/blogs.correiobraziliense.com.br\/capital-sa\/?p=18768"},"modified":"2025-04-01T12:12:52","modified_gmt":"2025-04-01T15:12:52","slug":"associacoes-comerciais-defendem-voto-distrital-misto-e-transparencia-nos-gastos-publicos","status":"publish","type":"post","link":"https:\/\/blogs.correiobraziliense.com.br\/capital-sa\/2025\/04\/01\/associacoes-comerciais-defendem-voto-distrital-misto-e-transparencia-nos-gastos-publicos\/","title":{"rendered":"Associa\u00e7\u00f5es comerciais defendem voto distrital misto e transpar\u00eancia nos gastos p\u00fablicos"},"content":{"rendered":"<p><em>Confedera\u00e7\u00e3o que representa 2 milh\u00f5es de empres\u00e1rios vai instalar painel Gasto Brasil, em via p\u00fablica, como o Impost\u00f4metro. E deu in\u00edcio tamb\u00e9m ao movimento nacional por mudan\u00e7a no sistema eleitoral. Ato teve a presen\u00e7a do governador da Bahia e de parlamentares do PL, PT e PSD\u00a0<\/em><\/p>\n<p><strong>Por Samanta Sallum\u00a0<\/strong><\/p>\n<p class=\"p1\"><span class=\"s1\">Com a presen\u00e7a de representantes do Legislativo e do Executivo, lideran\u00e7as das associa\u00e7\u00f5es comerciais de todo o Brasil reuniram-se ontem para dar in\u00edcio \u00e0 mobiliza\u00e7\u00e3o em defesa do voto distrital misto. O encontro refor\u00e7ou a import\u00e2ncia do associativismo como ferramenta de desenvolvimento econ\u00f4mico e social no pa\u00eds.\u00a0Nos moldes do Impost\u00f4metro, criado\u00a0h\u00e1 20\u00a0anos, foi anunciado tamb\u00e9m o Gasto Brasil, uma \u201ccalculadora\u201d que permitir\u00e1 o monitoramento, em tempo real, dos gastos p\u00fablicos da Uni\u00e3o, dos estados, munic\u00edpios e do Distrito Federal.<\/span><\/p>\n<p>O Encontro Nacional de Associa\u00e7\u00f5es Comerciais do Brasil foi em Salvador e teve as presen\u00e7as do governador da Bahia, Jer\u00f4nimo Rodrigues (PT), e do prefeito Bruno Reis (Uni\u00e3o Brasil), al\u00e9m de deputados federais e senadores.<\/p>\n<p>\u201cEvidentemente, o nosso movimento \u00e9 pol\u00edtico, mas n\u00e3o partid\u00e1rio. Estamos aqui para defender pautas que promovam o crescimento econ\u00f4mico e combatam as desigualdades\u201d, afirmou Alfredo Cotait Neto, presidente da\u00a0Confedera\u00e7\u00e3o das Associa\u00e7\u00f5es Comerciais e Empresariais do Brasil (CACB).<\/p>\n<p class=\"p1\"><strong><span class=\"s1\">Hugo Motta cria comiss\u00e3o\u00a0<\/span><\/strong><\/p>\n<p class=\"p1\"><span class=\"s1\">A alternativa defendida pela CACB combina o modelo de voto Distrital e o Proporcional. Um projeto de lei, do ent\u00e3o parlamentar Jos\u00e9 Serra, tramita no Congresso desde 2017 e, este ano, o presidente da C\u00e2mara dos Deputados, Hugo Motta, vai criar uma comiss\u00e3o especial para tratar do assunto.<\/span><\/p>\n<p><strong>Reforma administrativa\u00a0<\/strong><\/p>\n<p class=\"p1\">A plataforma Gasto Brasil vai auxiliar a sociedade a compreender como os recursos p\u00fablicos s\u00e3o utilizados e o impacto na vida das pessoas. O lan\u00e7amento oficial ser\u00e1 no dia\u00a023 de abril, com a instala\u00e7\u00e3o de um painel, come\u00e7ando por S\u00e3o Paulo.<\/p>\n<blockquote><p>\u201cQueremos alertar a popula\u00e7\u00e3o sobre como o Estado gasta o dinheiro p\u00fablico. Antes da reforma tribut\u00e1ria, era preciso a reforma administrativa\u201d, Alfredo Cotait.<\/p><\/blockquote>\n<p><img loading=\"lazy\" decoding=\"async\" class=\"aligncenter size-medium wp-image-18776\" src=\"https:\/\/blogs.correiobraziliense.com.br\/capital-sa\/wp-content\/uploads\/sites\/59\/2025\/04\/IMG_1374-1-300x293.jpeg\" alt=\"\" width=\"300\" height=\"293\" srcset=\"https:\/\/blogs.correiobraziliense.com.br\/capital-sa\/wp-content\/uploads\/sites\/59\/2025\/04\/IMG_1374-1-300x293.jpeg 300w, https:\/\/blogs.correiobraziliense.com.br\/capital-sa\/wp-content\/uploads\/sites\/59\/2025\/04\/IMG_1374-1-768x750.jpeg 768w, https:\/\/blogs.correiobraziliense.com.br\/capital-sa\/wp-content\/uploads\/sites\/59\/2025\/04\/IMG_1374-1-1024x999.jpeg 1024w, https:\/\/blogs.correiobraziliense.com.br\/capital-sa\/wp-content\/uploads\/sites\/59\/2025\/04\/IMG_1374-1-800x781.jpeg 800w, https:\/\/blogs.correiobraziliense.com.br\/capital-sa\/wp-content\/uploads\/sites\/59\/2025\/04\/IMG_1374-1-550x537.jpeg 550w, https:\/\/blogs.correiobraziliense.com.br\/capital-sa\/wp-content\/uploads\/sites\/59\/2025\/04\/IMG_1374-1-230x224.jpeg 230w, https:\/\/blogs.correiobraziliense.com.br\/capital-sa\/wp-content\/uploads\/sites\/59\/2025\/04\/IMG_1374-1.jpeg 1080w\" sizes=\"auto, (max-width: 300px) 100vw, 300px\" \/><\/p>\n<p><strong><span class=\"s1\">CACB representa:<\/span><\/strong><\/p>\n<p class=\"p1\"><span class=\"s1\">2,3 mil associa\u00e7\u00f5es comerciais\u00a0<\/span><\/p>\n<p class=\"p1\"><span class=\"s1\">26 federa\u00e7\u00f5es\u00a0<\/span><\/p>\n<p class=\"p1\"><span class=\"s1\">2 milh\u00f5es de empres\u00e1rios\u00a0<\/span><\/p>\n<p class=\"p1\"><strong><span class=\"s1\">Painelistas do PL, do PT e do PSD<\/span><\/strong><\/p>\n<p class=\"p1\"><span class=\"s1\">Participaram do evento como painelistas\u00a0Afif Domingos (PSD\/SP), presidente de honra da CACB\u00a0e secret\u00e1rio de Projetos Estrat\u00e9gicos do Governo de SP; o presidente da Frente Parlamentar do Empreendedorismo, Joaquim Passarinho (PL\/PA); o presidente da Frente do Com\u00e9rcio e Servi\u00e7os, Domingos S\u00e1vio (PL\/MG), e o vice-presidente Jos\u00e9 Neto (PT\/BA); o deputado Ant\u00f4nio Brito (PSD\/BA) e o senador Angelo Coronel (PSD\/BA).<\/span><\/p>\n<p class=\"p1\"><strong><span class=\"s1\">G50<\/span><\/strong><\/p>\n<p class=\"p1\"><span class=\"s1\">O evento tamb\u00e9m foi marcado pela cria\u00e7\u00e3o do G50, grupo que re\u00fane as associa\u00e7\u00f5es comerciais mais influentes do pa\u00eds. Nenhuma do Distrito Federal entrou no bloco. Mas, segundo a CACB, a capital federal poder\u00e1 ainda integrar o grupo. A de An\u00e1polis, em Goi\u00e1s, participa do G50.<\/span><\/p>\n<p class=\"p1\"><span class=\"s1\"><strong>Dois s\u00e9culos de associativismo<\/strong> <\/span><\/p>\n<p class=\"p1\"><span class=\"s1\">A capital baiana foi o local especialmente escolhido para o evento, porque foi onde nasceu a primeira associa\u00e7\u00e3o comercial do pa\u00eds, que funciona desde 1811, num pr\u00e9dio hist\u00f3rico.<\/span><\/p>\n","protected":false},"excerpt":{"rendered":"<p>Confedera\u00e7\u00e3o que representa 2 milh\u00f5es de empres\u00e1rios vai instalar painel Gasto Brasil, em via p\u00fablica, como o Impost\u00f4metro. E deu in\u00edcio tamb\u00e9m ao movimento nacional por mudan\u00e7a no sistema eleitoral. Ato teve a presen\u00e7a do governador da Bahia e de parlamentares do PL, PT e PSD\u00a0 Por Samanta Sallum\u00a0 Com a presen\u00e7a de representantes do Legislativo e do Executivo, lideran\u00e7as [&hellip;]<\/p>\n","protected":false},"author":125,"featured_media":18774,"comment_status":"open","ping_status":"open","sticky":false,"template":"","format":"standard","meta":{"footnotes":""},"categories":[6],"tags":[2844,2846,1280,2488,2842,2847,2843,2845,2527,1698,629,2292,2841,10],"class_list":["post-18768","post","type-post","status-publish","format-standard","has-post-thumbnail","hentry","category-coluna-capital-s-a","tag-associativismo","tag-brunoreis","tag-cacb","tag-executivo","tag-gastospublicos","tag-hugomotta","tag-impostometro","tag-jeronimorodrigues","tag-legislativo","tag-reformaadministrativa","tag-reformatributaria","tag-transparencia","tag-votodistrital","tag-comercio"],"_links":{"self":[{"href":"https:\/\/blogs.correiobraziliense.com.br\/capital-sa\/wp-json\/wp\/v2\/posts\/18768","targetHints":{"allow":["GET"]}}],"collection":[{"href":"https:\/\/blogs.correiobraziliense.com.br\/capital-sa\/wp-json\/wp\/v2\/posts"}],"about":[{"href":"https:\/\/blogs.correiobraziliense.com.br\/capital-sa\/wp-json\/wp\/v2\/types\/post"}],"author":[{"embeddable":true,"href":"https:\/\/blogs.correiobraziliense.com.br\/capital-sa\/wp-json\/wp\/v2\/users\/125"}],"replies":[{"embeddable":true,"href":"https:\/\/blogs.correiobraziliense.com.br\/capital-sa\/wp-json\/wp\/v2\/comments?post=18768"}],"version-history":[{"count":18,"href":"https:\/\/blogs.correiobraziliense.com.br\/capital-sa\/wp-json\/wp\/v2\/posts\/18768\/revisions"}],"predecessor-version":[{"id":18789,"href":"https:\/\/blogs.correiobraziliense.com.br\/capital-sa\/wp-json\/wp\/v2\/posts\/18768\/revisions\/18789"}],"wp:featuredmedia":[{"embeddable":true,"href":"https:\/\/blogs.correiobraziliense.com.br\/capital-sa\/wp-json\/wp\/v2\/media\/18774"}],"wp:attachment":[{"href":"https:\/\/blogs.correiobraziliense.com.br\/capital-sa\/wp-json\/wp\/v2\/media?parent=18768"}],"wp:term":[{"taxonomy":"category","embeddable":true,"href":"https:\/\/blogs.correiobraziliense.com.br\/capital-sa\/wp-json\/wp\/v2\/categories?post=18768"},{"taxonomy":"post_tag","embeddable":true,"href":"https:\/\/blogs.correiobraziliense.com.br\/capital-sa\/wp-json\/wp\/v2\/tags?post=18768"}],"curies":[{"name":"wp","href":"https:\/\/api.w.org\/{rel}","templated":true}]}}