{"id":18755,"date":"2025-03-06T14:42:55","date_gmt":"2025-03-06T17:42:55","guid":{"rendered":"https:\/\/blogs.correiobraziliense.com.br\/capital-sa\/?p=18755"},"modified":"2025-03-06T15:02:36","modified_gmt":"2025-03-06T18:02:36","slug":"estatais-assinam-compromisso-com-o-pacto-pela-diversidade-equidade-e-inclusao","status":"publish","type":"post","link":"https:\/\/blogs.correiobraziliense.com.br\/capital-sa\/2025\/03\/06\/estatais-assinam-compromisso-com-o-pacto-pela-diversidade-equidade-e-inclusao\/","title":{"rendered":"Estatais v\u00e3o assinar compromisso com o Pacto pela Diversidade, Equidade e Inclus\u00e3o"},"content":{"rendered":"<p class=\"p1\"><strong>Por Samanta Sallum\u00a0<\/strong><\/p>\n<p class=\"p1\"><span class=\"s1\">Enquanto nos EUA, com a elei\u00e7\u00e3o de Donald Trump, h\u00e1 um movimento de grandes empresas de abandono ao compromisso com a agenda da diversidade, no Brasil h\u00e1 um refor\u00e7o pela manuten\u00e7\u00e3o dela. Especialmente das 30 estatais nacionais. O Pacto pela Diversidade, Equidade e Inclus\u00e3o ser\u00e1 reafirmado por 30 empresas, entre elas Petrobras, Banco do Brasil, Caixa, Correios, EBC e BNDES.<\/span><\/p>\n<p class=\"p1\"><span class=\"s1\">As estatais federais decidiram formular um posicionamento conjunto com as a\u00e7\u00f5es coordenadas pelo\u00a0<\/span>Minist\u00e9rio da Gest\u00e3o e da Inova\u00e7\u00e3o em Servi\u00e7os P\u00fablicos. O documento ser\u00e1 assinado nos pr\u00f3ximos dias. Representantes se reuniram no pr\u00e9dio da Petrobras, no centro do Rio, para tratar do assunto. E refor\u00e7aram o compromisso e o aprofundamento das iniciativas previstas no pacto.<\/p>\n<p>O pacto foi firmado, no ano passado, com a participa\u00e7\u00e3o da presidente da Petrobras, Magda Chambriard; da ministra da Gest\u00e3o Esther Dweck; e da diretora de Assuntos Corporativos da Petrobras, Clarice Coppetti (foto). A iniciativa vai atingir de forma positiva cerca de 400 mil empregados e empregadas, al\u00e9m das cadeias de servi\u00e7os e fornecedores e comunidades.<\/p>\n<p class=\"p1\"><strong><span class=\"s1\">Pratique ou explique <\/span><\/strong><\/p>\n<p class=\"p1\"><span class=\"s1\">Dentre as a\u00e7\u00f5es que constam do plano de trabalho est\u00e1 a divulga\u00e7\u00e3o, nos instrumentos de governan\u00e7a das empresas, das medidas adotadas em cumprimento dos compromissos assumidos no pacto ou a justificativa para seu eventual n\u00e3o cumprimento, no modelo &#8220;pratique ou explique&#8221;, usualmente adotado para as a\u00e7\u00f5es corporativas.<br \/>\n<\/span><\/p>\n<p class=\"p1\"><span class=\"s1\">Com isso, os investidores, a sociedade e os demais p\u00fablicos poder\u00e3o acompanhar a evolu\u00e7\u00e3o do que est\u00e1 sendo realizado. <\/span><\/p>\n<p class=\"p1\"><span class=\"s1\">\u201cEsta \u00e9 uma agenda que fortalece as empresas, a inova\u00e7\u00e3o e o Estado brasileiro. As estatais representam 6% do PIB nacional e atuam para a<span class=\"Apple-converted-space\">\u00a0<\/span>sociedade\u201d, destacou<span class=\"Apple-converted-space\">\u00a0<\/span>Elisa Leonel, secret\u00e1ria de Coordena\u00e7\u00e3o e Governan\u00e7a das Empresas Estatais. \u201cEsse \u00e9 um \u00f3timo momento para mostrar para a sociedade brasileira que continuamos firmes e ampliando nosso posicionamento de diversidade, equidade e inclus\u00e3o\u201d, refor\u00e7ou diretora de Assuntos Corporativos da Petrobras, Clarice Coppetti.<\/span><\/p>\n","protected":false},"excerpt":{"rendered":"<p>Por Samanta Sallum\u00a0 Enquanto nos EUA, com a elei\u00e7\u00e3o de Donald Trump, h\u00e1 um movimento de grandes empresas de abandono ao compromisso com a agenda da diversidade, no Brasil h\u00e1 um refor\u00e7o pela manuten\u00e7\u00e3o dela. Especialmente das 30 estatais nacionais. O Pacto pela Diversidade, Equidade e Inclus\u00e3o ser\u00e1 reafirmado por 30 empresas, entre elas Petrobras, Banco do Brasil, Caixa, Correios, [&hellip;]<\/p>\n","protected":false},"author":125,"featured_media":18763,"comment_status":"open","ping_status":"open","sticky":false,"template":"","format":"standard","meta":{"footnotes":""},"categories":[6],"tags":[253,2293,1723,1331,2839,2836,2831,2278,2833,2703,2392,2840,2834,2838,503,2837,2835,2832,352],"class_list":["post-18755","post","type-post","status-publish","format-standard","has-post-thumbnail","hentry","category-coluna-capital-s-a","tag-bancodobrasil","tag-bc","tag-bndes","tag-caixa","tag-clarice-coppetti","tag-claricecoppetti","tag-compromisso","tag-correios","tag-diversidade","tag-donaldtrump","tag-ebc","tag-elisaleonel","tag-equidade","tag-estherdweck","tag-inclusao","tag-magdachambriard","tag-ministeriodagestaoedainovacao","tag-pacto","tag-petrobras"],"_links":{"self":[{"href":"https:\/\/blogs.correiobraziliense.com.br\/capital-sa\/wp-json\/wp\/v2\/posts\/18755","targetHints":{"allow":["GET"]}}],"collection":[{"href":"https:\/\/blogs.correiobraziliense.com.br\/capital-sa\/wp-json\/wp\/v2\/posts"}],"about":[{"href":"https:\/\/blogs.correiobraziliense.com.br\/capital-sa\/wp-json\/wp\/v2\/types\/post"}],"author":[{"embeddable":true,"href":"https:\/\/blogs.correiobraziliense.com.br\/capital-sa\/wp-json\/wp\/v2\/users\/125"}],"replies":[{"embeddable":true,"href":"https:\/\/blogs.correiobraziliense.com.br\/capital-sa\/wp-json\/wp\/v2\/comments?post=18755"}],"version-history":[{"count":10,"href":"https:\/\/blogs.correiobraziliense.com.br\/capital-sa\/wp-json\/wp\/v2\/posts\/18755\/revisions"}],"predecessor-version":[{"id":18766,"href":"https:\/\/blogs.correiobraziliense.com.br\/capital-sa\/wp-json\/wp\/v2\/posts\/18755\/revisions\/18766"}],"wp:featuredmedia":[{"embeddable":true,"href":"https:\/\/blogs.correiobraziliense.com.br\/capital-sa\/wp-json\/wp\/v2\/media\/18763"}],"wp:attachment":[{"href":"https:\/\/blogs.correiobraziliense.com.br\/capital-sa\/wp-json\/wp\/v2\/media?parent=18755"}],"wp:term":[{"taxonomy":"category","embeddable":true,"href":"https:\/\/blogs.correiobraziliense.com.br\/capital-sa\/wp-json\/wp\/v2\/categories?post=18755"},{"taxonomy":"post_tag","embeddable":true,"href":"https:\/\/blogs.correiobraziliense.com.br\/capital-sa\/wp-json\/wp\/v2\/tags?post=18755"}],"curies":[{"name":"wp","href":"https:\/\/api.w.org\/{rel}","templated":true}]}}