{"id":1875,"date":"2021-02-16T15:24:55","date_gmt":"2021-02-16T18:24:55","guid":{"rendered":"https:\/\/blogs.correiobraziliense.com.br\/capital-sa\/?p=1875"},"modified":"2021-02-16T15:46:11","modified_gmt":"2021-02-16T18:46:11","slug":"kakay-ex-dono-do-piantella-critica-leilao-de-athos","status":"publish","type":"post","link":"https:\/\/blogs.correiobraziliense.com.br\/capital-sa\/2021\/02\/16\/kakay-ex-dono-do-piantella-critica-leilao-de-athos\/","title":{"rendered":"Kakay, ex-dono do  Piantella, critica leil\u00e3o de Athos"},"content":{"rendered":"<p>\u201cQuando eu vi a foto do Piantella nu, sem a obra de Athos Bulc\u00e3o, sabendo que n\u00e3o tinham sido cumpridos os ritos, sofri como sendo uma segunda morte do Piantella\u201d, desabafou o ex-propriet\u00e1rio do restaurante, o advogado Ant\u00f4nio Carlos de Almeida Castro, o Kakay. Ele atualmente \u00e9 dono do A Mano e contou ao blog que vai abrir outros dois restaurantes.<\/p>\n<p>Por 13 anos, o painel de blocos de m\u00e1rmore esteve na fachada de um dos endere\u00e7os mais importantes de Bras\u00edlia, ponto de encontro de pol\u00edticos, jornalistas e personalidades da capital. A obra de Athos foi retirada do local pelo \u00faltimo propriet\u00e1rio para ser leiloada, depois que o restaurante fechou, em mar\u00e7o do ano passado, depois de 38 anos.<\/p>\n<p>Kakay lembra-se do dia da inaugura\u00e7\u00e3o,que teve a especial presen\u00e7a do artista. \u201cFoi muito emocionante. Ele foi j\u00e1 de cadeira de rodas e o cuidador disse que teria de ser algo r\u00e1pido. Mas Athos balbuciou para mim que queria beber um champanhe. Eu peguei um copo e um canudinho e a\u00ed ele brindou comigo\u201d, conta.<\/p>\n<p><img loading=\"lazy\" decoding=\"async\" class=\"aligncenter size-medium wp-image-1879\" src=\"https:\/\/blogs.correiobraziliense.com.br\/capital-sa\/wp-content\/uploads\/sites\/59\/2021\/02\/0BCFC55B-6E2C-4C2F-ABEC-1091603C73C0-253x300.jpeg\" alt=\"\" width=\"253\" height=\"300\" srcset=\"https:\/\/blogs.correiobraziliense.com.br\/capital-sa\/wp-content\/uploads\/sites\/59\/2021\/02\/0BCFC55B-6E2C-4C2F-ABEC-1091603C73C0-253x300.jpeg 253w, https:\/\/blogs.correiobraziliense.com.br\/capital-sa\/wp-content\/uploads\/sites\/59\/2021\/02\/0BCFC55B-6E2C-4C2F-ABEC-1091603C73C0-230x273.jpeg 230w, https:\/\/blogs.correiobraziliense.com.br\/capital-sa\/wp-content\/uploads\/sites\/59\/2021\/02\/0BCFC55B-6E2C-4C2F-ABEC-1091603C73C0.jpeg 306w\" sizes=\"auto, (max-width: 253px) 100vw, 253px\" \/><\/p>\n<p><strong>Respeito ao tombamento<\/strong><\/p>\n<p>O advogado vendeu o restaurante, na 202 Sul, ao empres\u00e1rio carioca Omar Peres, o Catito, em 2017.\u00a0\u201cO Piantella era para mim um outro tipo de casa, um lugar que eu amei muito ser o dono\u201d, diz, nost\u00e1lgico.<\/p>\n<p>Ele afirma que jamais mudaria uma obra de Athos Bulc\u00e3o em Bras\u00edlia.<\/p>\n<blockquote><p>\u201cAqui existe uma entidade s\u00e9ria que \u00e9 a Funda\u00e7\u00e3o Athos Bulc\u00e3o. Acho que arte \u00e9 uma coisa que temos de ter um cuidado muito especial, mais ainda numa cidade tombada como Bras\u00edlia\u201d, refor\u00e7a.<\/p><\/blockquote>\n<p><strong>Novos restaurantes<\/strong><\/p>\n<p>Kakay se define como um advogado criminal apaixonado pela bo\u00eamia, pela gastronomia e pela hist\u00f3ria da arte.\u00a0Ele, que \u00e9 dono do Mano, na 411 Sul, contou \u00e0 coluna os novos projetos.<\/p>\n<p>\u201cFiz uma sociedade com o pessoal do Nino aqui, vamos montar um restaurante onde era o Piantas. Estou tamb\u00e9m abrindo uma casa argentina\u00a0de carnes, La no Fuego, que ganhou pr\u00eamio como o melhor restaurante da Am\u00e9rica Latina.\u201d<\/p>\n<p><strong>Painel n\u00e3o foi arrematado<\/strong><\/p>\n<p>\u201cEu queria manter a obra do Athos, mas jamais participaria desse leil\u00e3o, em que a obra, para estar ali, n\u00e3o tinha cumprido as normas m\u00ednimas de respeito \u00e0 Funda\u00e7\u00e3o Athos Bulc\u00e3o\u201d, lamenta Kakay.\u00a0O leil\u00e3o foi realizado na noite de quinta-feira da semana passada. A Funda\u00e7\u00e3o Athos Bulc\u00e3o desautorizou a venda como obra do artista. O painel n\u00e3o foi arrematado por comprador algum e n\u00e3o h\u00e1 previs\u00e3o de um novo leil\u00e3o.<\/p>\n<p>&nbsp;<\/p>\n","protected":false},"excerpt":{"rendered":"<p>\u201cQuando eu vi a foto do Piantella nu, sem a obra de Athos Bulc\u00e3o, sabendo que n\u00e3o tinham sido cumpridos os ritos, sofri como sendo uma segunda morte do Piantella\u201d, desabafou o ex-propriet\u00e1rio do restaurante, o advogado Ant\u00f4nio Carlos de Almeida Castro, o Kakay. Ele atualmente \u00e9 dono do A Mano e contou ao blog que vai abrir outros dois [&hellip;]<\/p>\n","protected":false},"author":125,"featured_media":1878,"comment_status":"open","ping_status":"open","sticky":false,"template":"","format":"standard","meta":{"footnotes":""},"categories":[6],"tags":[],"class_list":["post-1875","post","type-post","status-publish","format-standard","has-post-thumbnail","hentry","category-coluna-capital-s-a"],"_links":{"self":[{"href":"https:\/\/blogs.correiobraziliense.com.br\/capital-sa\/wp-json\/wp\/v2\/posts\/1875","targetHints":{"allow":["GET"]}}],"collection":[{"href":"https:\/\/blogs.correiobraziliense.com.br\/capital-sa\/wp-json\/wp\/v2\/posts"}],"about":[{"href":"https:\/\/blogs.correiobraziliense.com.br\/capital-sa\/wp-json\/wp\/v2\/types\/post"}],"author":[{"embeddable":true,"href":"https:\/\/blogs.correiobraziliense.com.br\/capital-sa\/wp-json\/wp\/v2\/users\/125"}],"replies":[{"embeddable":true,"href":"https:\/\/blogs.correiobraziliense.com.br\/capital-sa\/wp-json\/wp\/v2\/comments?post=1875"}],"version-history":[{"count":7,"href":"https:\/\/blogs.correiobraziliense.com.br\/capital-sa\/wp-json\/wp\/v2\/posts\/1875\/revisions"}],"predecessor-version":[{"id":1884,"href":"https:\/\/blogs.correiobraziliense.com.br\/capital-sa\/wp-json\/wp\/v2\/posts\/1875\/revisions\/1884"}],"wp:featuredmedia":[{"embeddable":true,"href":"https:\/\/blogs.correiobraziliense.com.br\/capital-sa\/wp-json\/wp\/v2\/media\/1878"}],"wp:attachment":[{"href":"https:\/\/blogs.correiobraziliense.com.br\/capital-sa\/wp-json\/wp\/v2\/media?parent=1875"}],"wp:term":[{"taxonomy":"category","embeddable":true,"href":"https:\/\/blogs.correiobraziliense.com.br\/capital-sa\/wp-json\/wp\/v2\/categories?post=1875"},{"taxonomy":"post_tag","embeddable":true,"href":"https:\/\/blogs.correiobraziliense.com.br\/capital-sa\/wp-json\/wp\/v2\/tags?post=1875"}],"curies":[{"name":"wp","href":"https:\/\/api.w.org\/{rel}","templated":true}]}}