{"id":18742,"date":"2025-03-05T14:23:22","date_gmt":"2025-03-05T17:23:22","guid":{"rendered":"https:\/\/blogs.correiobraziliense.com.br\/capital-sa\/?p=18742"},"modified":"2025-03-05T14:29:35","modified_gmt":"2025-03-05T17:29:35","slug":"maior-centro-de-educacao-profissional-em-brasilia-sera-no-setor-comercial-sul","status":"publish","type":"post","link":"https:\/\/blogs.correiobraziliense.com.br\/capital-sa\/2025\/03\/05\/maior-centro-de-educacao-profissional-em-brasilia-sera-no-setor-comercial-sul\/","title":{"rendered":"Maior centro de educa\u00e7\u00e3o profissional em Bras\u00edlia ser\u00e1 no Setor Comercial Sul"},"content":{"rendered":"<p><em>A nova unidade do Senac ter\u00e1 mais de 30 cursos, sendo 10 voltados para gastronomia e 15 para a \u00e1rea da sa\u00fade<\/em><\/p>\n<p><strong>Por Samanta Sallum\u00a0<\/strong><\/p>\n<p class=\"p1\">No dia 24 de mar\u00e7o, o Senac-DF vai dar um grande passo para a revitaliza\u00e7\u00e3o do Setor Comercial Sul. A institui\u00e7\u00e3o vai inaugurar o Centro de Educa\u00e7\u00e3o Profissional Miguel Setembrino, sua maior unidade no DF, com\u00a0 capacidade para atender at\u00e9 5 mil estudantes em cursos voltados para as \u00e1reas de bem-estar, gastronomia, sa\u00fade e turismo.<\/p>\n<p class=\"p1\">Localizado na quadra 4, o novo centro ocupar\u00e1 um pr\u00e9dio de nove pavimentos e 6.180m\u00b2, que foram totalmente reformados. A revitaliza\u00e7\u00e3o contou com a constru\u00e7\u00e3o de salas de aula e laborat\u00f3rios de \u00faltima gera\u00e7\u00e3o.<\/p>\n<blockquote>\n<p class=\"p1\"><span class=\"s1\">\u201cEstamos consolidando o Senac-DF como refer\u00eancia em educa\u00e7\u00e3o profissional e um dos agentes da transforma\u00e7\u00e3o do Setor Comercial Sul, uma regi\u00e3o estrat\u00e9gica para os setores de com\u00e9rcio e servi\u00e7os da capital federal\u201d, destacou o presidente do Sistema Fecom\u00e9rcio-DF, Jos\u00e9 Aparecido Freire.<\/span><\/p>\n<\/blockquote>\n<p class=\"p1\"><span class=\"s1\">O novo centro ter\u00e1 mais de 30 cursos profissionalizantes, sendo 10 voltados para gastronomia e 15 para a \u00e1rea da sa\u00fade. As aulas come\u00e7am no dia 10 de mar\u00e7o, com a participa\u00e7\u00e3o de 90 instrutores.<\/span><\/p>\n<p><strong>Curso de camareiro\u00a0<\/strong><\/p>\n<p>A cerim\u00f4nia oficial ser\u00e1 dia 24 de mar\u00e7o, \u00e0s 16h. Entre as novidades, destaca-se o curso de camareira(o), voltado para a crescente demanda do setor de turismo, al\u00e9m dos laborat\u00f3rios de alta fidelidade na \u00e1rea de sa\u00fade, onde os alunos ter\u00e3o contato direto com tecnologias de ponta para uma forma\u00e7\u00e3o pr\u00e1tica e eficiente.<\/p>\n<p class=\"p1\"><strong><span class=\"s1\">Inova\u00e7\u00e3o <\/span><\/strong><\/p>\n<p class=\"p1\"><span class=\"s1\">Segundo o diretor regional do Senac-DF, Vitor Corr\u00eaa, a nova unidade representa um avan\u00e7o na qualidade do ensino profissional.<br \/>\n<\/span><\/p>\n<blockquote>\n<p class=\"p1\"><span class=\"s1\">\u201cNosso objetivo \u00e9 formar profissionais altamente qualificados para suprir as necessidades do mercado, com equipamentos modernos e um ambiente de aprendizado inovador, garantindo que nossos alunos saiam prontos para os desafios do mundo do trabalho\u201d, explica. <\/span><\/p>\n<\/blockquote>\n","protected":false},"excerpt":{"rendered":"<p>A nova unidade do Senac ter\u00e1 mais de 30 cursos, sendo 10 voltados para gastronomia e 15 para a \u00e1rea da sa\u00fade Por Samanta Sallum\u00a0 No dia 24 de mar\u00e7o, o Senac-DF vai dar um grande passo para a revitaliza\u00e7\u00e3o do Setor Comercial Sul. A institui\u00e7\u00e3o vai inaugurar o Centro de Educa\u00e7\u00e3o Profissional Miguel Setembrino, sua maior unidade no DF, [&hellip;]<\/p>\n","protected":false},"author":125,"featured_media":18746,"comment_status":"open","ping_status":"open","sticky":false,"template":"","format":"standard","meta":{"footnotes":""},"categories":[6],"tags":[2771,1119,2829,734,1040,280,156,333,2830,3,21],"class_list":["post-18742","post","type-post","status-publish","format-standard","has-post-thumbnail","hentry","category-coluna-capital-s-a","tag-bem-estar","tag-educacao","tag-educacaoprofissional","tag-fecomercio-df","tag-joseaparecidofreire","tag-saude","tag-senac","tag-turismo","tag-vitorcorrea","tag-gastronomia","tag-scs"],"_links":{"self":[{"href":"https:\/\/blogs.correiobraziliense.com.br\/capital-sa\/wp-json\/wp\/v2\/posts\/18742","targetHints":{"allow":["GET"]}}],"collection":[{"href":"https:\/\/blogs.correiobraziliense.com.br\/capital-sa\/wp-json\/wp\/v2\/posts"}],"about":[{"href":"https:\/\/blogs.correiobraziliense.com.br\/capital-sa\/wp-json\/wp\/v2\/types\/post"}],"author":[{"embeddable":true,"href":"https:\/\/blogs.correiobraziliense.com.br\/capital-sa\/wp-json\/wp\/v2\/users\/125"}],"replies":[{"embeddable":true,"href":"https:\/\/blogs.correiobraziliense.com.br\/capital-sa\/wp-json\/wp\/v2\/comments?post=18742"}],"version-history":[{"count":5,"href":"https:\/\/blogs.correiobraziliense.com.br\/capital-sa\/wp-json\/wp\/v2\/posts\/18742\/revisions"}],"predecessor-version":[{"id":18748,"href":"https:\/\/blogs.correiobraziliense.com.br\/capital-sa\/wp-json\/wp\/v2\/posts\/18742\/revisions\/18748"}],"wp:featuredmedia":[{"embeddable":true,"href":"https:\/\/blogs.correiobraziliense.com.br\/capital-sa\/wp-json\/wp\/v2\/media\/18746"}],"wp:attachment":[{"href":"https:\/\/blogs.correiobraziliense.com.br\/capital-sa\/wp-json\/wp\/v2\/media?parent=18742"}],"wp:term":[{"taxonomy":"category","embeddable":true,"href":"https:\/\/blogs.correiobraziliense.com.br\/capital-sa\/wp-json\/wp\/v2\/categories?post=18742"},{"taxonomy":"post_tag","embeddable":true,"href":"https:\/\/blogs.correiobraziliense.com.br\/capital-sa\/wp-json\/wp\/v2\/tags?post=18742"}],"curies":[{"name":"wp","href":"https:\/\/api.w.org\/{rel}","templated":true}]}}