{"id":18730,"date":"2025-03-03T15:57:30","date_gmt":"2025-03-03T18:57:30","guid":{"rendered":"https:\/\/blogs.correiobraziliense.com.br\/capital-sa\/?p=18730"},"modified":"2025-03-03T16:16:05","modified_gmt":"2025-03-03T19:16:05","slug":"atriz-de-ainda-estou-aqui-passa-por-transformacao-de-imagem","status":"publish","type":"post","link":"https:\/\/blogs.correiobraziliense.com.br\/capital-sa\/2025\/03\/03\/atriz-de-ainda-estou-aqui-passa-por-transformacao-de-imagem\/","title":{"rendered":"Atriz de Ainda Estou Aqui passa por transforma\u00e7\u00e3o de imagem"},"content":{"rendered":"<p class=\"p1\">Por<strong> Samanta Sallum\u00a0<\/strong><\/p>\n<p class=\"p1\"><span class=\"s1\">Atriz\u00a0<\/span><span class=\"s1\">que interpreta Vera Paiva, a Veroca, em \u201cAinda Estou Aqui\u201d, que concorreu a tr\u00eas estatuetas ontem no Oscar, <\/span>mudou radicalmente a cor dos cabelos para um loiro ultraclaro. E o novo look de\u00a0Valentina Herszage deu sorte. A produ\u00e7\u00e3o cinematogr\u00e1fica brasileira ganhou o pr\u00eamio de melhor filme estrangeiro.<\/p>\n<p>As marcas de beleza investem muito nas a\u00e7\u00f5es de carnaval e tamb\u00e9m aproveitaram o embalo da premia\u00e7\u00e3o do Oscar. A atriz foi escolhida como nova parceira de Truss Professional, de produtos para cabelo.<\/p>\n<p class=\"p1\">A transforma\u00e7\u00e3o no visual foi feita pelas m\u00e3os de M\u00e1rio Henrique, embaixador global de Truss e especialista na t\u00e9cnica. A mudan\u00e7a reflete o momento especial da vida profissional de Valentina, que come\u00e7ou a carreira em 2009, aos onze anos de idade.<\/p>\n<p><strong>Para causar impacto\u00a0<\/strong><\/p>\n<p class=\"p1\"><span class=\"s1\">\u201cEssa mudan\u00e7a tem a ver, tamb\u00e9m, com essa fase que estou vivendo. E esse momento que estamos vivendo com &#8220;Ainda Estou Aqui&#8221; \u00e9 um marco muito forte, de grande impacto. O meu cabelo, a forma como me apresento e a possibilidade de brincar com tudo isso t\u00eam absolutamente a ver com o meu of\u00edcio.\u201d, comentou a atriz.<\/span><\/p>\n<p class=\"p1\"><span class=\"s1\">\u201cQuando falamos de loiro, o desafio \u00e9 sempre a reconstru\u00e7\u00e3o e a perman\u00eancia da cor. A transforma\u00e7\u00e3o dela foi pensada para ter impacto, criando um alto contraste, que se conecta com sua imagem\u201d, refor\u00e7ou Mario Henrique.<\/span><\/p>\n<p><img loading=\"lazy\" decoding=\"async\" class=\"aligncenter size-medium wp-image-18738\" src=\"https:\/\/blogs.correiobraziliense.com.br\/capital-sa\/wp-content\/uploads\/sites\/59\/2025\/03\/IMG_3486-231x300.jpeg\" alt=\"\" width=\"231\" height=\"300\" srcset=\"https:\/\/blogs.correiobraziliense.com.br\/capital-sa\/wp-content\/uploads\/sites\/59\/2025\/03\/IMG_3486-231x300.jpeg 231w, https:\/\/blogs.correiobraziliense.com.br\/capital-sa\/wp-content\/uploads\/sites\/59\/2025\/03\/IMG_3486-768x998.jpeg 768w, https:\/\/blogs.correiobraziliense.com.br\/capital-sa\/wp-content\/uploads\/sites\/59\/2025\/03\/IMG_3486-788x1024.jpeg 788w, https:\/\/blogs.correiobraziliense.com.br\/capital-sa\/wp-content\/uploads\/sites\/59\/2025\/03\/IMG_3486-800x1039.jpeg 800w, https:\/\/blogs.correiobraziliense.com.br\/capital-sa\/wp-content\/uploads\/sites\/59\/2025\/03\/IMG_3486-550x714.jpeg 550w, https:\/\/blogs.correiobraziliense.com.br\/capital-sa\/wp-content\/uploads\/sites\/59\/2025\/03\/IMG_3486-230x299.jpeg 230w, https:\/\/blogs.correiobraziliense.com.br\/capital-sa\/wp-content\/uploads\/sites\/59\/2025\/03\/IMG_3486.jpeg 1094w\" sizes=\"auto, (max-width: 231px) 100vw, 231px\" \/><\/p>\n","protected":false},"excerpt":{"rendered":"<p>Por Samanta Sallum\u00a0 Atriz\u00a0que interpreta Vera Paiva, a Veroca, em \u201cAinda Estou Aqui\u201d, que concorreu a tr\u00eas estatuetas ontem no Oscar, mudou radicalmente a cor dos cabelos para um loiro ultraclaro. E o novo look de\u00a0Valentina Herszage deu sorte. A produ\u00e7\u00e3o cinematogr\u00e1fica brasileira ganhou o pr\u00eamio de melhor filme estrangeiro. As marcas de beleza investem muito nas a\u00e7\u00f5es de carnaval [&hellip;]<\/p>\n","protected":false},"author":125,"featured_media":18737,"comment_status":"open","ping_status":"open","sticky":false,"template":"","format":"standard","meta":{"footnotes":""},"categories":[6],"tags":[2825,1234,2827,2828,2826],"class_list":["post-18730","post","type-post","status-publish","format-standard","has-post-thumbnail","hentry","category-coluna-capital-s-a","tag-aindaestouaqui","tag-beleza","tag-oscar","tag-trussprofessional","tag-valentinaherzage"],"_links":{"self":[{"href":"https:\/\/blogs.correiobraziliense.com.br\/capital-sa\/wp-json\/wp\/v2\/posts\/18730","targetHints":{"allow":["GET"]}}],"collection":[{"href":"https:\/\/blogs.correiobraziliense.com.br\/capital-sa\/wp-json\/wp\/v2\/posts"}],"about":[{"href":"https:\/\/blogs.correiobraziliense.com.br\/capital-sa\/wp-json\/wp\/v2\/types\/post"}],"author":[{"embeddable":true,"href":"https:\/\/blogs.correiobraziliense.com.br\/capital-sa\/wp-json\/wp\/v2\/users\/125"}],"replies":[{"embeddable":true,"href":"https:\/\/blogs.correiobraziliense.com.br\/capital-sa\/wp-json\/wp\/v2\/comments?post=18730"}],"version-history":[{"count":9,"href":"https:\/\/blogs.correiobraziliense.com.br\/capital-sa\/wp-json\/wp\/v2\/posts\/18730\/revisions"}],"predecessor-version":[{"id":18741,"href":"https:\/\/blogs.correiobraziliense.com.br\/capital-sa\/wp-json\/wp\/v2\/posts\/18730\/revisions\/18741"}],"wp:featuredmedia":[{"embeddable":true,"href":"https:\/\/blogs.correiobraziliense.com.br\/capital-sa\/wp-json\/wp\/v2\/media\/18737"}],"wp:attachment":[{"href":"https:\/\/blogs.correiobraziliense.com.br\/capital-sa\/wp-json\/wp\/v2\/media?parent=18730"}],"wp:term":[{"taxonomy":"category","embeddable":true,"href":"https:\/\/blogs.correiobraziliense.com.br\/capital-sa\/wp-json\/wp\/v2\/categories?post=18730"},{"taxonomy":"post_tag","embeddable":true,"href":"https:\/\/blogs.correiobraziliense.com.br\/capital-sa\/wp-json\/wp\/v2\/tags?post=18730"}],"curies":[{"name":"wp","href":"https:\/\/api.w.org\/{rel}","templated":true}]}}