{"id":18689,"date":"2025-02-26T12:25:00","date_gmt":"2025-02-26T15:25:00","guid":{"rendered":"https:\/\/blogs.correiobraziliense.com.br\/capital-sa\/?p=18689"},"modified":"2025-02-26T16:33:23","modified_gmt":"2025-02-26T19:33:23","slug":"nota-legal-prazo-de-cadastro-para-sorteio-milionario-esta-proximo-de-ser-encerrado","status":"publish","type":"post","link":"https:\/\/blogs.correiobraziliense.com.br\/capital-sa\/2025\/02\/26\/nota-legal-prazo-de-cadastro-para-sorteio-milionario-esta-proximo-de-ser-encerrado\/","title":{"rendered":"Nota Legal: prazo de cadastro para sorteio milion\u00e1rio est\u00e1 pr\u00f3ximo de ser encerrado"},"content":{"rendered":"<p><strong>Por Samanta Sallum\u00a0<\/strong><\/p>\n<p class=\"p1\">Foram definidas duas datas importantes para quem quer participar do sorteio milion\u00e1rio do programa Nota Legal de 2025. O primeiro ser\u00e1 no dia 21 de maio. Desta vez, com um pr\u00eamio in\u00e9dito de R$ 1 milh\u00e3o. E aten\u00e7\u00e3o: para participar \u00e9 preciso estar cadastrado no Nota Legal at\u00e9 o dia 12 de mar\u00e7o. Quem ja\u0301 e\u0301 cadastrado participa automaticamente.<\/p>\n<p class=\"p1\"><span class=\"s1\">Outros sorteios com valores a partir de R$ 100 tamb\u00e9m ser\u00e3o realizados, somando um total de R$ 3,5 milh\u00f5es em pr\u00eamios. Para concorrer, basta pedir a nota fiscal e a inclus\u00e3o do seu CPF nas compras do dia a dia.<\/span><\/p>\n<p class=\"p1\"><strong><span class=\"s1\">Cr\u00e9ditos em dinheiro<\/span><\/strong><\/p>\n<p class=\"p1\"><span class=\"s1\">Ser\u00e3o considerados aptos aquelas notas emitidas entre 1\u00ba de maio e 31 de outubro de 2024. \u201cCada cupom fiscal garante um n\u00famero para concorrer, n\u00e3o importa o valor\u201d, conta o secret\u00e1rio de Economia, Ney Ferraz. Ele lembra que o consumidor que n\u00e3o usou os cr\u00e9ditos acumulados para abatimento no IPTU ou no IPVA poder\u00e1, em junho, indicar a conta banc\u00e1ria para receber os valores. <\/span><\/p>\n","protected":false},"excerpt":{"rendered":"<p>Por Samanta Sallum\u00a0 Foram definidas duas datas importantes para quem quer participar do sorteio milion\u00e1rio do programa Nota Legal de 2025. O primeiro ser\u00e1 no dia 21 de maio. Desta vez, com um pr\u00eamio in\u00e9dito de R$ 1 milh\u00e3o. E aten\u00e7\u00e3o: para participar \u00e9 preciso estar cadastrado no Nota Legal at\u00e9 o dia 12 de mar\u00e7o. Quem ja\u0301 e\u0301 cadastrado [&hellip;]<\/p>\n","protected":false},"author":125,"featured_media":18694,"comment_status":"open","ping_status":"open","sticky":false,"template":"","format":"standard","meta":{"footnotes":""},"categories":[6],"tags":[276,203,2811,1858,290],"class_list":["post-18689","post","type-post","status-publish","format-standard","has-post-thumbnail","hentry","category-coluna-capital-s-a","tag-economia","tag-gdf","tag-neyferraz","tag-notalegal","tag-sorteio"],"_links":{"self":[{"href":"https:\/\/blogs.correiobraziliense.com.br\/capital-sa\/wp-json\/wp\/v2\/posts\/18689","targetHints":{"allow":["GET"]}}],"collection":[{"href":"https:\/\/blogs.correiobraziliense.com.br\/capital-sa\/wp-json\/wp\/v2\/posts"}],"about":[{"href":"https:\/\/blogs.correiobraziliense.com.br\/capital-sa\/wp-json\/wp\/v2\/types\/post"}],"author":[{"embeddable":true,"href":"https:\/\/blogs.correiobraziliense.com.br\/capital-sa\/wp-json\/wp\/v2\/users\/125"}],"replies":[{"embeddable":true,"href":"https:\/\/blogs.correiobraziliense.com.br\/capital-sa\/wp-json\/wp\/v2\/comments?post=18689"}],"version-history":[{"count":6,"href":"https:\/\/blogs.correiobraziliense.com.br\/capital-sa\/wp-json\/wp\/v2\/posts\/18689\/revisions"}],"predecessor-version":[{"id":18707,"href":"https:\/\/blogs.correiobraziliense.com.br\/capital-sa\/wp-json\/wp\/v2\/posts\/18689\/revisions\/18707"}],"wp:featuredmedia":[{"embeddable":true,"href":"https:\/\/blogs.correiobraziliense.com.br\/capital-sa\/wp-json\/wp\/v2\/media\/18694"}],"wp:attachment":[{"href":"https:\/\/blogs.correiobraziliense.com.br\/capital-sa\/wp-json\/wp\/v2\/media?parent=18689"}],"wp:term":[{"taxonomy":"category","embeddable":true,"href":"https:\/\/blogs.correiobraziliense.com.br\/capital-sa\/wp-json\/wp\/v2\/categories?post=18689"},{"taxonomy":"post_tag","embeddable":true,"href":"https:\/\/blogs.correiobraziliense.com.br\/capital-sa\/wp-json\/wp\/v2\/tags?post=18689"}],"curies":[{"name":"wp","href":"https:\/\/api.w.org\/{rel}","templated":true}]}}