{"id":18679,"date":"2025-02-25T17:37:53","date_gmt":"2025-02-25T20:37:53","guid":{"rendered":"https:\/\/blogs.correiobraziliense.com.br\/capital-sa\/?p=18679"},"modified":"2025-02-26T07:43:19","modified_gmt":"2025-02-26T10:43:19","slug":"gdf-define-novas-isencoes-para-o-ipva-veja-o-que-muda","status":"publish","type":"post","link":"https:\/\/blogs.correiobraziliense.com.br\/capital-sa\/2025\/02\/25\/gdf-define-novas-isencoes-para-o-ipva-veja-o-que-muda\/","title":{"rendered":"GDF define novas isen\u00e7\u00f5es para o IPVA. Veja o que muda"},"content":{"rendered":"<p><strong>Por Samanta Sallum\u00a0<\/strong><\/p>\n<p>O governador do Distrito Federal, Ibaneis Rocha, assinou o decreto que define as isen\u00e7\u00f5es de pagamento do IPVA<strong><em> (veja abaixo o quadro com todas as situa\u00e7\u00f5es em que o ve\u00edculo \u00e9 isento do imposto).<\/em><\/strong> Ele cumpriu a promessa feita ao setor de vendas de autom\u00f3veis multimarcas. Agora, carros el\u00e9tricos e h\u00edbridos &#8211; adquiridos por revendedoras ou em negocia\u00e7\u00e3o entre consumidor local e pessoa f\u00edsica de outro estado &#8211; ter\u00e3o isen\u00e7\u00e3o de Imposto sobre a Propriedade de Ve\u00edculos Automotores (IPVA).<\/p>\n<p>A medida foi oficializada por meio do Decreto N\u00ba 46.902, publicado em edi\u00e7\u00e3o extra do Di\u00e1rio Oficial do DF desta ter\u00e7a-feira (25), produzindo efeitos a partir de 1\u00ba de janeiro de 2025. O calend\u00e1rio de pagamento do IPVA come\u00e7ou nesta semana.<\/p>\n<p class=\"p1\"><span class=\"s1\">Na pr\u00e1tica, a legisla\u00e7\u00e3o permite a isen\u00e7\u00e3o do imposto para ve\u00edculos do segmento &#8211; novos ou usados &#8211; que ainda est\u00e3o parados dentro da loja.<\/span><\/p>\n<blockquote>\n<p class=\"p1\"><span class=\"s1\"> \u201c\u00c9 um est\u00edmulo que incentiva o uso do ve\u00edculo sustent\u00e1vel, mas tamb\u00e9m beneficia o com\u00e9rcio, que paga impostos e fomenta a economia. Esse setor, sozinho, emprega mais de 20 mil pessoas em mais de 850 lojas em todo o Distrito Federal\u201d, contabiliza o secret\u00e1rio de Economia, Ney Ferraz. <\/span><\/p>\n<\/blockquote>\n<p class=\"p1\"><span class=\"s1\">Al\u00e9m de apoiar o setor de seminovos e usados, o decreto do governador Ibaneis tamb\u00e9m prev\u00ea a isen\u00e7\u00e3o para os casos de compra e venda entre pessoas f\u00edsicas. Assim, se um cidad\u00e3o do DF comprar o carro em outro estado de uma pessoa f\u00edsica, poder\u00e1 trazer o ve\u00edculo para c\u00e1 e solicitar a isen\u00e7\u00e3o do IPVA. <\/span><\/p>\n<p class=\"p1\"><span class=\"s1\">O gerente de gest\u00e3o do IPVA da Secretaria de Economia, Fabr\u00edcio Bernardes, explica que o novo decreto tamb\u00e9m vai permitir que as revendedoras possam adquirir ve\u00edculos usados de fora do DF, garantido a isen\u00e7\u00e3o. <\/span><\/p>\n<p class=\"p1\"><span class=\"s1\">\u201cA venda direta, por sua vez, continua valendo para que o consumidor possa adquirir um ve\u00edculo novo junto de montadoras ou importadoras\u201d, refor\u00e7ou.<\/span><\/p>\n<p class=\"p1\"><span class=\"s1\">A comprova\u00e7\u00e3o da aquisi\u00e7\u00e3o do ve\u00edculo junto do estabelecimento revendedor permanece sendo efetuada por meio da respectiva nota fiscal.<\/span><\/p>\n<p class=\"p1\"><span class=\"s1\">Hoje, o DF tem uma frota de cerca de 1,2 milh\u00e3o de ve\u00edculos, sendo que pouco mais de 32 mil s\u00e3o carros na categoria el\u00e9tricos e h\u00edbridos. <\/span><\/p>\n<p class=\"p1\"><strong><span class=\"s1\">Exemplos de, entre outros, ve\u00edculos isentos do pagamento do IPVA:<\/span><\/strong><\/p>\n<p class=\"p1\"><span class=\"s1\">\u2713 ve\u00edculo de propriedade de pessoa com defici\u00eancia f\u00edsica, visual, mental severa ou profunda, s\u00edndrome de Down ou autismo<\/span><\/p>\n<p class=\"p1\"><span class=\"s1\">\u2713 ve\u00edculo pertencente \u00e0s miss\u00f5es diplom\u00e1ticas e aos membros do corpo diplom\u00e1tico &#8211; ou organismos internacionais com representa\u00e7\u00e3o local<\/span><\/p>\n<p class=\"p1\"><span class=\"s1\">\u2713 t\u00e1xis<\/span><\/p>\n<p class=\"p1\"><span class=\"s1\">\u2713 exclusivamente no primeiro exerc\u00edcio da aquisi\u00e7\u00e3o, \u00f4nibus e micro-\u00f4nibus novos destinados ao transporte p\u00fablico coletivo urbano<\/span><\/p>\n<p class=\"p1\"><span class=\"s1\">\u2713 \u00f4nibus, micro-\u00f4nibus e outros ve\u00edculos destinados ao transporte coletivo escolar<\/span><\/p>\n<p class=\"p1\"><span class=\"s1\">\u2713 ve\u00edculos para auto-escolas<\/span><\/p>\n<p class=\"p1\"><span class=\"s1\">\u2713 aqueles com tempo de uso superior a 15 anos<\/span><\/p>\n<p class=\"p1\"><span class=\"s1\">\u2713 ciclomotores e motocicletas destinados \u00e0 presta\u00e7\u00e3o do servi\u00e7o de coleta, transporte e entrega de pequenas cargas e documentos<\/span><\/p>\n","protected":false},"excerpt":{"rendered":"<p>Por Samanta Sallum\u00a0 O governador do Distrito Federal, Ibaneis Rocha, assinou o decreto que define as isen\u00e7\u00f5es de pagamento do IPVA (veja abaixo o quadro com todas as situa\u00e7\u00f5es em que o ve\u00edculo \u00e9 isento do imposto). Ele cumpriu a promessa feita ao setor de vendas de autom\u00f3veis multimarcas. Agora, carros el\u00e9tricos e h\u00edbridos &#8211; adquiridos por revendedoras ou em [&hellip;]<\/p>\n","protected":false},"author":125,"featured_media":18681,"comment_status":"open","ping_status":"open","sticky":false,"template":"","format":"standard","meta":{"footnotes":""},"categories":[6],"tags":[276,2812,203,642,2655,497,2811,326,2794],"class_list":["post-18679","post","type-post","status-publish","format-standard","has-post-thumbnail","hentry","category-coluna-capital-s-a","tag-economia","tag-fabriciobernardes","tag-gdf","tag-ibaneisrocha","tag-ipva","tag-isencao","tag-neyferraz","tag-sustentabilidade","tag-tributo"],"_links":{"self":[{"href":"https:\/\/blogs.correiobraziliense.com.br\/capital-sa\/wp-json\/wp\/v2\/posts\/18679","targetHints":{"allow":["GET"]}}],"collection":[{"href":"https:\/\/blogs.correiobraziliense.com.br\/capital-sa\/wp-json\/wp\/v2\/posts"}],"about":[{"href":"https:\/\/blogs.correiobraziliense.com.br\/capital-sa\/wp-json\/wp\/v2\/types\/post"}],"author":[{"embeddable":true,"href":"https:\/\/blogs.correiobraziliense.com.br\/capital-sa\/wp-json\/wp\/v2\/users\/125"}],"replies":[{"embeddable":true,"href":"https:\/\/blogs.correiobraziliense.com.br\/capital-sa\/wp-json\/wp\/v2\/comments?post=18679"}],"version-history":[{"count":5,"href":"https:\/\/blogs.correiobraziliense.com.br\/capital-sa\/wp-json\/wp\/v2\/posts\/18679\/revisions"}],"predecessor-version":[{"id":18688,"href":"https:\/\/blogs.correiobraziliense.com.br\/capital-sa\/wp-json\/wp\/v2\/posts\/18679\/revisions\/18688"}],"wp:featuredmedia":[{"embeddable":true,"href":"https:\/\/blogs.correiobraziliense.com.br\/capital-sa\/wp-json\/wp\/v2\/media\/18681"}],"wp:attachment":[{"href":"https:\/\/blogs.correiobraziliense.com.br\/capital-sa\/wp-json\/wp\/v2\/media?parent=18679"}],"wp:term":[{"taxonomy":"category","embeddable":true,"href":"https:\/\/blogs.correiobraziliense.com.br\/capital-sa\/wp-json\/wp\/v2\/categories?post=18679"},{"taxonomy":"post_tag","embeddable":true,"href":"https:\/\/blogs.correiobraziliense.com.br\/capital-sa\/wp-json\/wp\/v2\/tags?post=18679"}],"curies":[{"name":"wp","href":"https:\/\/api.w.org\/{rel}","templated":true}]}}