{"id":18662,"date":"2025-02-25T15:35:25","date_gmt":"2025-02-25T18:35:25","guid":{"rendered":"https:\/\/blogs.correiobraziliense.com.br\/capital-sa\/?p=18662"},"modified":"2025-02-25T23:25:01","modified_gmt":"2025-02-26T02:25:01","slug":"em-defesa-de-bolsonaro-fraga-critica-lewandowski-e-alexandre-de-moraes","status":"publish","type":"post","link":"https:\/\/blogs.correiobraziliense.com.br\/capital-sa\/2025\/02\/25\/em-defesa-de-bolsonaro-fraga-critica-lewandowski-e-alexandre-de-moraes\/","title":{"rendered":"Em defesa de Bolsonaro, Fraga critica Lewandowski e Alexandre de Moraes"},"content":{"rendered":"<p class=\"p1\"><em>Presidente da Frente Parlamentar da Seguran\u00e7a P\u00fablica fez duras cr\u00edticas ao ministro da Justi\u00e7a e ao ministro do STF, em entrevista ao <strong>CB Poder.<\/strong> Colocou seu nome na disputa ao GDF nas pr\u00f3ximas elei\u00e7\u00f5es, elogiando o atual governador do DF \u00a0por tentar reduzir a desigualdade de remunera\u00e7\u00e3o de policiais militares. Alberto Fraga tamb\u00e9m demonstrou preocupa\u00e7\u00e3o com demora de Lula em receber Ibaneis no Planalto.\u00a0<\/em><\/p>\n<p class=\"p1\"><strong><span class=\"s1\">Por Samanta Sallum <\/span><\/strong><\/p>\n<p class=\"p1\"><span class=\"s1\">O deputado federal Alberto Fraga (PL\/DF), l\u00edder da bancada da bala, apontou que a remunera\u00e7\u00e3o da Pol\u00edcia Militar do DF hoje est\u00e1 abaixo da de outros 12 estados. Ele est\u00e1 preocupado com a aprova\u00e7\u00e3o do reajuste no Congresso Nacional e com a falta de sinaliza\u00e7\u00e3o do presidente Lula (PT) em receber o governador Ibaneis Rocha (MDB) para tratar do aumento dos servidores da Seguran\u00e7a P\u00fablica do DF, que inclui PMs, bombeiros e policiais civis.<\/span><\/p>\n<p class=\"p1\"><span class=\"s1\"> \u201cAt\u00e9 agora o presidente n\u00e3o recebeu o governador, que pediu a audi\u00eancia com ele.\u00a0<\/span>O dinheiro sair\u00e1 do Fundo Constitucional, que j\u00e1 \u00e9 garantido \u00e0 capital de Rep\u00fablica, n\u00e3o depende de mais dinheiro do governo federal. O presidente Lula s\u00f3 tem que enviar a Medida Provis\u00f3ria ao Congresso para ser votada. E a\u00ed teremos uma outra etapa l\u00e1: mobilizar as lideran\u00e7as partid\u00e1rias para apoiar\u201d, disse Fraga, em entrevista ao programa CB Poder de hoje, com as jornalistas Samanta Sallum e Ana Maria Campos, uma parceria do Correio Braziliense com a TV Bras\u00edlia.<\/p>\n<p class=\"p1\"><span class=\"s1\">O governador Ibaneis Rocha assinou, na semana passada, um documento direcionado ao Pal\u00e1cio do Planalto com a proposta de aumento de sal\u00e1rios das for\u00e7as de seguran\u00e7a do DF. E, nela, prev\u00ea reajuste no mesmo patamar para PM e Pol\u00edcia Civil.<span class=\"Apple-converted-space\">\u00a0<\/span>\u201c\u00c9 injusto a PM ganhar muito menos que a Civil. Ibaneis foi feliz em propor o mesmo aumento para as categorias\u201d,<span class=\"Apple-converted-space\">\u00a0 <\/span>disse Fraga.<\/span><\/p>\n<p class=\"p1\">O parlamentar afirmou, ainda, que tem disposi\u00e7\u00e3o de se candidatar a governador do DF nas elei\u00e7\u00f5es de 2026.<\/p>\n<blockquote><p>\u201cN\u00e3o quero mais um mandato como deputado federal. Vou conversar com meu partido e com outros para ver as possibilidades como governador\u201d, adiantou.<\/p><\/blockquote>\n<p><strong><span class=\"s1\">PEC da Seguran\u00e7a<\/span><\/strong><\/p>\n<p class=\"p1\"><span class=\"s1\">Fraga, que \u00e9 presidente da Frente Parlamentar da Seguran\u00e7a P\u00fablica na C\u00e2mara dos Deputados, conhecida como a bancada da bala, fez duras cr\u00edticas \u00e0 recente PEC de Seguran\u00e7a P\u00fablica elaborada pelo Minist\u00e9rio da Justi\u00e7a.<br \/>\n<\/span><\/p>\n<blockquote>\n<p class=\"p1\"><span class=\"s1\">\u201cEla \u00e9 um desastre. Lewandowski n\u00e3o entende nada de Seguran\u00e7a P\u00fablica. A PEC tira os poderes dos governadores, cria uma super Policia Federal e uma super Pol\u00edcia Rodovi\u00e1ria Federal, que n\u00e3o d\u00e1 conta nem de cumprir as pr\u00f3prias atribui\u00e7\u00f5es\u201d, afirmou Fraga, referindo-se ao ministro da Justi\u00e7a e Seguran\u00e7a P\u00fablica, Ricardo Lewandowski.<\/span><\/p>\n<\/blockquote>\n<p class=\"p1\"><span class=\"s1\">Fraga tamb\u00e9m \u00a0defendeu o projeto de anistia aos envolvidos e condenados pelos atos de<br \/>\n<\/span>8 de janeiro (2023) na Esplanada dos Minist\u00e9rios. Segundo ele, h\u00e1 um excesso de pena para pessoas que n\u00e3o tiveram participa\u00e7\u00e3o t\u00e3o direta. \u201cH\u00e1 um problema de dosagem das senten\u00e7as\u201d, disse.<\/p>\n<p class=\"p1\"><span class=\"s1\">Amigo \u00edntimo do ex-presidente \u00a0Jair Bolsonaro, Fraga \u00a0invalida a\u00a0<\/span>dele\u00e7\u00e3o premiada\u00a0de Mauro Cid. \u201cAlexandre de Moraes pressionou Mauro Cid. Em nenhum tribunal do mundo aceitariam essa den\u00fancia que foi apresentada contra Bolsonaro. Mas Moraes pode tudo. A OEA vai ver isso. Ele arrumou dois inimigos que est\u00e3o entre mais poderosos do mundo: Donald Trump e Elon Musk\u201d, disparou.<\/p>\n","protected":false},"excerpt":{"rendered":"<p>Presidente da Frente Parlamentar da Seguran\u00e7a P\u00fablica fez duras cr\u00edticas ao ministro da Justi\u00e7a e ao ministro do STF, em entrevista ao CB Poder. Colocou seu nome na disputa ao GDF nas pr\u00f3ximas elei\u00e7\u00f5es, elogiando o atual governador do DF \u00a0por tentar reduzir a desigualdade de remunera\u00e7\u00e3o de policiais militares. Alberto Fraga tamb\u00e9m demonstrou preocupa\u00e7\u00e3o com demora de Lula em [&hellip;]<\/p>\n","protected":false},"author":125,"featured_media":18677,"comment_status":"open","ping_status":"open","sticky":false,"template":"","format":"standard","meta":{"footnotes":""},"categories":[6],"tags":[2377,1775,2376,2703,2808,642,2807,1165,2809,514,2304,2306,2810,42],"class_list":["post-18662","post","type-post","status-publish","format-standard","has-post-thumbnail","hentry","category-coluna-capital-s-a","tag-albertofraga","tag-alexandredemoraes","tag-corpodebombeiros","tag-donaldtrump","tag-elonmusk","tag-ibaneisrocha","tag-lewandowski","tag-lula","tag-oea","tag-pf","tag-pmdf","tag-policiacivil","tag-prf","tag-bolsonaro"],"_links":{"self":[{"href":"https:\/\/blogs.correiobraziliense.com.br\/capital-sa\/wp-json\/wp\/v2\/posts\/18662","targetHints":{"allow":["GET"]}}],"collection":[{"href":"https:\/\/blogs.correiobraziliense.com.br\/capital-sa\/wp-json\/wp\/v2\/posts"}],"about":[{"href":"https:\/\/blogs.correiobraziliense.com.br\/capital-sa\/wp-json\/wp\/v2\/types\/post"}],"author":[{"embeddable":true,"href":"https:\/\/blogs.correiobraziliense.com.br\/capital-sa\/wp-json\/wp\/v2\/users\/125"}],"replies":[{"embeddable":true,"href":"https:\/\/blogs.correiobraziliense.com.br\/capital-sa\/wp-json\/wp\/v2\/comments?post=18662"}],"version-history":[{"count":14,"href":"https:\/\/blogs.correiobraziliense.com.br\/capital-sa\/wp-json\/wp\/v2\/posts\/18662\/revisions"}],"predecessor-version":[{"id":18686,"href":"https:\/\/blogs.correiobraziliense.com.br\/capital-sa\/wp-json\/wp\/v2\/posts\/18662\/revisions\/18686"}],"wp:featuredmedia":[{"embeddable":true,"href":"https:\/\/blogs.correiobraziliense.com.br\/capital-sa\/wp-json\/wp\/v2\/media\/18677"}],"wp:attachment":[{"href":"https:\/\/blogs.correiobraziliense.com.br\/capital-sa\/wp-json\/wp\/v2\/media?parent=18662"}],"wp:term":[{"taxonomy":"category","embeddable":true,"href":"https:\/\/blogs.correiobraziliense.com.br\/capital-sa\/wp-json\/wp\/v2\/categories?post=18662"},{"taxonomy":"post_tag","embeddable":true,"href":"https:\/\/blogs.correiobraziliense.com.br\/capital-sa\/wp-json\/wp\/v2\/tags?post=18662"}],"curies":[{"name":"wp","href":"https:\/\/api.w.org\/{rel}","templated":true}]}}