{"id":1866,"date":"2021-02-16T10:36:45","date_gmt":"2021-02-16T13:36:45","guid":{"rendered":"https:\/\/blogs.correiobraziliense.com.br\/capital-sa\/?p=1866"},"modified":"2021-02-16T11:58:17","modified_gmt":"2021-02-16T14:58:17","slug":"carne-carbono-neutro-e-inovacao-no-cerrado","status":"publish","type":"post","link":"https:\/\/blogs.correiobraziliense.com.br\/capital-sa\/2021\/02\/16\/carne-carbono-neutro-e-inovacao-no-cerrado\/","title":{"rendered":"Carne Carbono Neutro \u00e9 inova\u00e7\u00e3o no cerrado"},"content":{"rendered":"<p>Um dos recentes destaques da Embrapa \u00e9 o projeto Carne Carbono Neutro, conceito de produ\u00e7\u00e3o de carne em sistemas sustent\u00e1veis, com neutraliza\u00e7\u00e3o das emiss\u00f5es de carbono.<\/p>\n<p>O gado \u00e9 criado no modelo pecu\u00e1ria-floresta. Os animais que d\u00e3o origem ao produto tiveram as emiss\u00f5es de metano ent\u00e9rico compensadas pelo crescimento de \u00e1rvores no sistema.<\/p>\n<p><img loading=\"lazy\" decoding=\"async\" class=\"aligncenter size-medium wp-image-1870\" src=\"https:\/\/blogs.correiobraziliense.com.br\/capital-sa\/wp-content\/uploads\/sites\/59\/2021\/02\/70C5606F-9CED-4ECF-923E-CBF7310955C6-300x207.jpeg\" alt=\"\" width=\"300\" height=\"207\" srcset=\"https:\/\/blogs.correiobraziliense.com.br\/capital-sa\/wp-content\/uploads\/sites\/59\/2021\/02\/70C5606F-9CED-4ECF-923E-CBF7310955C6-300x207.jpeg 300w, https:\/\/blogs.correiobraziliense.com.br\/capital-sa\/wp-content\/uploads\/sites\/59\/2021\/02\/70C5606F-9CED-4ECF-923E-CBF7310955C6-550x379.jpeg 550w, https:\/\/blogs.correiobraziliense.com.br\/capital-sa\/wp-content\/uploads\/sites\/59\/2021\/02\/70C5606F-9CED-4ECF-923E-CBF7310955C6-230x158.jpeg 230w, https:\/\/blogs.correiobraziliense.com.br\/capital-sa\/wp-content\/uploads\/sites\/59\/2021\/02\/70C5606F-9CED-4ECF-923E-CBF7310955C6.jpeg 640w\" sizes=\"auto, (max-width: 300px) 100vw, 300px\" \/><\/p>\n<p>&nbsp;<\/p>\n<p><strong>Recupera\u00e7\u00e3o de pastos<\/strong><\/p>\n<p>A Regi\u00e3o Centro-Oeste \u00e9 pioneira, com destaque para Mato Grosso do Sul. A \u00e1rea rural no DF e Entorno est\u00e1 aderindo ao modelo, que ajuda tamb\u00e9m a recuperar pastos degradados do cerrado.<\/p>\n<p>Agora, produtos carne carbono neutro est\u00e3o chegando ao consumidor brasileiro, por meio da linha de cortes de carne Viva, em parceria com a Marfrig.<\/p>\n<p>&nbsp;<\/p>\n<p><img loading=\"lazy\" decoding=\"async\" class=\"aligncenter size-medium wp-image-1869\" src=\"https:\/\/blogs.correiobraziliense.com.br\/capital-sa\/wp-content\/uploads\/sites\/59\/2021\/02\/14487113-864C-448B-92B6-054BF10F8AAB-300x198.jpeg\" alt=\"\" width=\"300\" height=\"198\" srcset=\"https:\/\/blogs.correiobraziliense.com.br\/capital-sa\/wp-content\/uploads\/sites\/59\/2021\/02\/14487113-864C-448B-92B6-054BF10F8AAB-300x198.jpeg 300w, https:\/\/blogs.correiobraziliense.com.br\/capital-sa\/wp-content\/uploads\/sites\/59\/2021\/02\/14487113-864C-448B-92B6-054BF10F8AAB-550x363.jpeg 550w, https:\/\/blogs.correiobraziliense.com.br\/capital-sa\/wp-content\/uploads\/sites\/59\/2021\/02\/14487113-864C-448B-92B6-054BF10F8AAB-230x152.jpeg 230w, https:\/\/blogs.correiobraziliense.com.br\/capital-sa\/wp-content\/uploads\/sites\/59\/2021\/02\/14487113-864C-448B-92B6-054BF10F8AAB.jpeg 637w\" sizes=\"auto, (max-width: 300px) 100vw, 300px\" \/><\/p>\n<p><strong><br \/>\nTecnologia 100% brasileira<\/strong><\/p>\n<p>\u201cEssa tecnologia \u00e9 inovadora no mundo e 100% brasileira. As \u00e1rvores da agrofloresta garantem sombra aos animais, que ficam em condi\u00e7\u00f5es de maior bem-estar. \u00c9 um projeto que contribui com o meio ambiente e com a pecu\u00e1ria\u201d, ressalta Celso Moretti, presidente da Embrapa.<\/p>\n<p><strong>\u00a0<\/strong><\/p>\n<p>&nbsp;<\/p>\n","protected":false},"excerpt":{"rendered":"<p>Um dos recentes destaques da Embrapa \u00e9 o projeto Carne Carbono Neutro, conceito de produ\u00e7\u00e3o de carne em sistemas sustent\u00e1veis, com neutraliza\u00e7\u00e3o das emiss\u00f5es de carbono. O gado \u00e9 criado no modelo pecu\u00e1ria-floresta. Os animais que d\u00e3o origem ao produto tiveram as emiss\u00f5es de metano ent\u00e9rico compensadas pelo crescimento de \u00e1rvores no sistema. &nbsp; Recupera\u00e7\u00e3o de pastos A Regi\u00e3o Centro-Oeste [&hellip;]<\/p>\n","protected":false},"author":125,"featured_media":1868,"comment_status":"open","ping_status":"open","sticky":false,"template":"","format":"standard","meta":{"footnotes":""},"categories":[6],"tags":[],"class_list":["post-1866","post","type-post","status-publish","format-standard","has-post-thumbnail","hentry","category-coluna-capital-s-a"],"_links":{"self":[{"href":"https:\/\/blogs.correiobraziliense.com.br\/capital-sa\/wp-json\/wp\/v2\/posts\/1866","targetHints":{"allow":["GET"]}}],"collection":[{"href":"https:\/\/blogs.correiobraziliense.com.br\/capital-sa\/wp-json\/wp\/v2\/posts"}],"about":[{"href":"https:\/\/blogs.correiobraziliense.com.br\/capital-sa\/wp-json\/wp\/v2\/types\/post"}],"author":[{"embeddable":true,"href":"https:\/\/blogs.correiobraziliense.com.br\/capital-sa\/wp-json\/wp\/v2\/users\/125"}],"replies":[{"embeddable":true,"href":"https:\/\/blogs.correiobraziliense.com.br\/capital-sa\/wp-json\/wp\/v2\/comments?post=1866"}],"version-history":[{"count":5,"href":"https:\/\/blogs.correiobraziliense.com.br\/capital-sa\/wp-json\/wp\/v2\/posts\/1866\/revisions"}],"predecessor-version":[{"id":1873,"href":"https:\/\/blogs.correiobraziliense.com.br\/capital-sa\/wp-json\/wp\/v2\/posts\/1866\/revisions\/1873"}],"wp:featuredmedia":[{"embeddable":true,"href":"https:\/\/blogs.correiobraziliense.com.br\/capital-sa\/wp-json\/wp\/v2\/media\/1868"}],"wp:attachment":[{"href":"https:\/\/blogs.correiobraziliense.com.br\/capital-sa\/wp-json\/wp\/v2\/media?parent=1866"}],"wp:term":[{"taxonomy":"category","embeddable":true,"href":"https:\/\/blogs.correiobraziliense.com.br\/capital-sa\/wp-json\/wp\/v2\/categories?post=1866"},{"taxonomy":"post_tag","embeddable":true,"href":"https:\/\/blogs.correiobraziliense.com.br\/capital-sa\/wp-json\/wp\/v2\/tags?post=1866"}],"curies":[{"name":"wp","href":"https:\/\/api.w.org\/{rel}","templated":true}]}}