{"id":18624,"date":"2025-02-21T17:55:47","date_gmt":"2025-02-21T20:55:47","guid":{"rendered":"https:\/\/blogs.correiobraziliense.com.br\/capital-sa\/?p=18624"},"modified":"2025-02-21T18:56:14","modified_gmt":"2025-02-21T21:56:14","slug":"carros-eletricos-ou-hibridos-seminovos-terao-isencao-de-ipva","status":"publish","type":"post","link":"https:\/\/blogs.correiobraziliense.com.br\/capital-sa\/2025\/02\/21\/carros-eletricos-ou-hibridos-seminovos-terao-isencao-de-ipva\/","title":{"rendered":"Carros el\u00e9tricos ou h\u00edbridos seminovos ter\u00e3o isen\u00e7\u00e3o de IPVA"},"content":{"rendered":"<p><strong>Por Samanta Sallum\u00a0<\/strong><\/p>\n<p class=\"p1\"><span class=\"s1\">A Associa\u00e7\u00e3o das Empresas Revendedoras de Ve\u00edculos do DF (Agenciauto-DF), depois de audi\u00eancia hoje com o governador Ibaneis Rocha, conseguiu ter atendida uma importante demanda. O chefe do Buriti determinou que os ve\u00edculos automotivos el\u00e9tricos e\/ou h\u00edbridos seminovos tamb\u00e9m tenham direito \u00e0 isen\u00e7\u00e3o do pagamento do Imposto sobre a Propriedade de Ve\u00edculos Automotores (IPVA).<\/span><\/p>\n<p class=\"p1\"><span class=\"s1\"> A medida era uma reivindica\u00e7\u00e3o do setor de vendas de carros e ser\u00e1 publicada no <\/span><span class=\"s2\">Di\u00e1rio Oficial do Distrito Federal<\/span><span class=\"s1\"> (DODF), na pr\u00f3xima ter\u00e7a-feira (25).<br \/>\n<\/span><\/p>\n<blockquote>\n<p class=\"p1\"><span class=\"s1\">\u201cUma vit\u00f3ria para o setor e para os propriet\u00e1rios de ve\u00edculos el\u00e9tricos e h\u00edbridos\u201d, disse \u00e0 coluna o presidente da Agenciauto, Jos\u00e9 Rodrigues Neto.<\/span><\/p>\n<\/blockquote>\n<p class=\"p1\"><span class=\"s1\">O calend\u00e1rio de pagamento do IPVA come\u00e7a na segunda-feira. A\u00a0<\/span>parcela \u00fanica para os motoristas do Distrito Federal come\u00e7a no dia 24 e vai at\u00e9 sexta-feira (28). O vencimento varia de acordo com o final da placa.<\/p>\n<p class=\"p1\">Na segunda, ser\u00e1 o dia dos ve\u00edculos com numera\u00e7\u00e3o 1 e 2; e no dia seguinte, 3 e 4 &#8211; e assim sucessivamente. O calend\u00e1rio vale tamb\u00e9m para a primeira parcela, caso o propriet\u00e1rio decida dividir o imposto em at\u00e9 seis vezes, desde que n\u00e3o sejam inferiores a R$ 50.<\/p>\n<p class=\"p1\"><strong><span class=\"s1\">De outros estados\u00a0<\/span><\/strong><\/p>\n<p class=\"p1\"><span class=\"s1\">A lei publicada em dezembro de 2024 foi editada em janeiro para contemplar os carros que foram comprados com nota fiscal de outro estado, mas vendidos por concession\u00e1rias.<\/span><\/p>\n<p class=\"p1\"><span class=\"s1\">\u201cNosso pedido era liberar tamb\u00e9m para a venda de seminovos. O setor de usados \u00e9 muito amplo, n\u00f3s compramos carros do Brasil inteiro. Ent\u00e3o, solicitamos que o IPVA fosse isento para carros comprados aqui ou em outros estados, seja pessoa f\u00edsica ou jur\u00eddica, sendo de concession\u00e1ria ou n\u00e3o\u201d, explicou Rodrigues Neto.<\/span><\/p>\n<p class=\"p1\"><span class=\"s1\">Em janeiro deste ano, o setor de seminovos e usados vendeu 23 mil carros no Distrito Federal. Eles contam com 850 lojas pelo DF e, juntos, empregam diretamente 20 mil profissionais.<\/span><\/p>\n<p><strong>Capital da sustentabilidade\u00a0<\/strong><\/p>\n<p class=\"p1\"><span class=\"s1\">Ibaneis Rocha tamb\u00e9m refor\u00e7ou a meta de transformar Bras\u00edlia na capital da sustentabilidade. \u201cTenho um carinho muito grande por esse setor, que contribui muito para o desenvolvimento da cidade. Recebi o pedido no que diz respeito \u00e0s multimarcas para a venda de carros el\u00e9tricos e h\u00edbridos. Assinaremos o decreto isentando as multimarcas do pagamento de IPVA destes ve\u00edculos\u201d, afirmou.<\/span><\/p>\n<p class=\"p1\"><span class=\"s1\"> \u201cO incentivo ao uso de carros h\u00edbridos e el\u00e9tricos \u00e9 um compromisso nosso. Bras\u00edlia deve se tornar a capital mais sustent\u00e1vel\u201d, completou o governador.<\/span><\/p>\n","protected":false},"excerpt":{"rendered":"<p>Por Samanta Sallum\u00a0 A Associa\u00e7\u00e3o das Empresas Revendedoras de Ve\u00edculos do DF (Agenciauto-DF), depois de audi\u00eancia hoje com o governador Ibaneis Rocha, conseguiu ter atendida uma importante demanda. O chefe do Buriti determinou que os ve\u00edculos automotivos el\u00e9tricos e\/ou h\u00edbridos seminovos tamb\u00e9m tenham direito \u00e0 isen\u00e7\u00e3o do pagamento do Imposto sobre a Propriedade de Ve\u00edculos Automotores (IPVA). A medida era [&hellip;]<\/p>\n","protected":false},"author":125,"featured_media":18627,"comment_status":"open","ping_status":"open","sticky":false,"template":"","format":"standard","meta":{"footnotes":""},"categories":[6],"tags":[2797,2796,2798,203,642,368,2655,497,2799,1199,326,2794,33],"class_list":["post-18624","post","type-post","status-publish","format-standard","has-post-thumbnail","hentry","category-coluna-capital-s-a","tag-agenciauto-df","tag-carroseletricos","tag-dodf","tag-gdf","tag-ibaneisrocha","tag-imposto","tag-ipva","tag-isencao","tag-joserodriguesneto","tag-meioambiente","tag-sustentabilidade","tag-tributo","tag-tecnologia"],"_links":{"self":[{"href":"https:\/\/blogs.correiobraziliense.com.br\/capital-sa\/wp-json\/wp\/v2\/posts\/18624","targetHints":{"allow":["GET"]}}],"collection":[{"href":"https:\/\/blogs.correiobraziliense.com.br\/capital-sa\/wp-json\/wp\/v2\/posts"}],"about":[{"href":"https:\/\/blogs.correiobraziliense.com.br\/capital-sa\/wp-json\/wp\/v2\/types\/post"}],"author":[{"embeddable":true,"href":"https:\/\/blogs.correiobraziliense.com.br\/capital-sa\/wp-json\/wp\/v2\/users\/125"}],"replies":[{"embeddable":true,"href":"https:\/\/blogs.correiobraziliense.com.br\/capital-sa\/wp-json\/wp\/v2\/comments?post=18624"}],"version-history":[{"count":10,"href":"https:\/\/blogs.correiobraziliense.com.br\/capital-sa\/wp-json\/wp\/v2\/posts\/18624\/revisions"}],"predecessor-version":[{"id":18635,"href":"https:\/\/blogs.correiobraziliense.com.br\/capital-sa\/wp-json\/wp\/v2\/posts\/18624\/revisions\/18635"}],"wp:featuredmedia":[{"embeddable":true,"href":"https:\/\/blogs.correiobraziliense.com.br\/capital-sa\/wp-json\/wp\/v2\/media\/18627"}],"wp:attachment":[{"href":"https:\/\/blogs.correiobraziliense.com.br\/capital-sa\/wp-json\/wp\/v2\/media?parent=18624"}],"wp:term":[{"taxonomy":"category","embeddable":true,"href":"https:\/\/blogs.correiobraziliense.com.br\/capital-sa\/wp-json\/wp\/v2\/categories?post=18624"},{"taxonomy":"post_tag","embeddable":true,"href":"https:\/\/blogs.correiobraziliense.com.br\/capital-sa\/wp-json\/wp\/v2\/tags?post=18624"}],"curies":[{"name":"wp","href":"https:\/\/api.w.org\/{rel}","templated":true}]}}