{"id":18616,"date":"2025-02-21T12:26:33","date_gmt":"2025-02-21T15:26:33","guid":{"rendered":"https:\/\/blogs.correiobraziliense.com.br\/capital-sa\/?p=18616"},"modified":"2025-02-21T15:18:45","modified_gmt":"2025-02-21T18:18:45","slug":"ipva-na-segunda-feira-comeca-calendario-de-pagamento","status":"publish","type":"post","link":"https:\/\/blogs.correiobraziliense.com.br\/capital-sa\/2025\/02\/21\/ipva-na-segunda-feira-comeca-calendario-de-pagamento\/","title":{"rendered":"IPVA: na segunda-feira come\u00e7a o calend\u00e1rio de pagamento"},"content":{"rendered":"<p class=\"p1\"><em>A previs\u00e3o do GDF de arrecada\u00e7\u00e3o \u00e9 de R$ 1,97 bilh\u00e3o\u00a0<\/em><\/p>\n<p class=\"p1\"><strong>Por Samanta Sallum\u00a0<\/strong><\/p>\n<p class=\"p1\"><span class=\"s1\">O pagamento da parcela \u00fanica do IPVA para os motoristas do Distrito Federal come\u00e7a na segunda (24) e vai at\u00e9 sexta-feira (28). O vencimento varia de acordo com o final da placa. Na segunda, ser\u00e1 o dia dos ve\u00edculos com numera\u00e7\u00e3o 1 e 2; e no dia seguinte de 3 e 4 &#8211; e assim sucessivamente.<br \/>\n<\/span><\/p>\n<p class=\"p1\"><span class=\"s1\">O calend\u00e1rio vale tamb\u00e9m para a primeira parcela, caso o propriet\u00e1rio decida dividir o imposto em at\u00e9 seis vezes, desde que n\u00e3o sejam inferiores a R$ 50.<br \/>\n<\/span><\/p>\n<p class=\"p1\">Segundo a Secretaria de Economia, n\u00e3o h\u00e1 aumento do imposto em 2025. Varia\u00e7\u00f5es ocorrem devido ao valor do carro (que \u00e9 a base de c\u00e1lculo) ser alterado de um ano para o outro, sendo ou n\u00e3o valorizado.<\/p>\n<p>Ao todo, 1,068 milh\u00e3o de brasilienses pagar\u00e3o o tributo. O desconto para pagamento \u00e0 vista \u00e9 de 10%. Mas s\u00f3 vale para quem n\u00e3o tem d\u00e9bitos de anos anteriores relacionados ao ve\u00edculo.<\/p>\n<p class=\"p1\">A expectativa do GDF de arrecada\u00e7\u00e3o \u00e9 de\u00a0R$ 1,97 bilh\u00e3o. S\u00e3o, ao todo, 1,18 milh\u00e3o de ve\u00edculos tribut\u00e1veis no DF.<\/p>\n","protected":false},"excerpt":{"rendered":"<p>A previs\u00e3o do GDF de arrecada\u00e7\u00e3o \u00e9 de R$ 1,97 bilh\u00e3o\u00a0 Por Samanta Sallum\u00a0 O pagamento da parcela \u00fanica do IPVA para os motoristas do Distrito Federal come\u00e7a na segunda (24) e vai at\u00e9 sexta-feira (28). O vencimento varia de acordo com o final da placa. Na segunda, ser\u00e1 o dia dos ve\u00edculos com numera\u00e7\u00e3o 1 e 2; e no [&hellip;]<\/p>\n","protected":false},"author":125,"featured_media":18619,"comment_status":"open","ping_status":"open","sticky":false,"template":"","format":"standard","meta":{"footnotes":""},"categories":[6],"tags":[2795,276,203,2655,1325,2794],"class_list":["post-18616","post","type-post","status-publish","format-standard","has-post-thumbnail","hentry","category-coluna-capital-s-a","tag-detran","tag-economia","tag-gdf","tag-ipva","tag-tributacao","tag-tributo"],"_links":{"self":[{"href":"https:\/\/blogs.correiobraziliense.com.br\/capital-sa\/wp-json\/wp\/v2\/posts\/18616","targetHints":{"allow":["GET"]}}],"collection":[{"href":"https:\/\/blogs.correiobraziliense.com.br\/capital-sa\/wp-json\/wp\/v2\/posts"}],"about":[{"href":"https:\/\/blogs.correiobraziliense.com.br\/capital-sa\/wp-json\/wp\/v2\/types\/post"}],"author":[{"embeddable":true,"href":"https:\/\/blogs.correiobraziliense.com.br\/capital-sa\/wp-json\/wp\/v2\/users\/125"}],"replies":[{"embeddable":true,"href":"https:\/\/blogs.correiobraziliense.com.br\/capital-sa\/wp-json\/wp\/v2\/comments?post=18616"}],"version-history":[{"count":6,"href":"https:\/\/blogs.correiobraziliense.com.br\/capital-sa\/wp-json\/wp\/v2\/posts\/18616\/revisions"}],"predecessor-version":[{"id":18623,"href":"https:\/\/blogs.correiobraziliense.com.br\/capital-sa\/wp-json\/wp\/v2\/posts\/18616\/revisions\/18623"}],"wp:featuredmedia":[{"embeddable":true,"href":"https:\/\/blogs.correiobraziliense.com.br\/capital-sa\/wp-json\/wp\/v2\/media\/18619"}],"wp:attachment":[{"href":"https:\/\/blogs.correiobraziliense.com.br\/capital-sa\/wp-json\/wp\/v2\/media?parent=18616"}],"wp:term":[{"taxonomy":"category","embeddable":true,"href":"https:\/\/blogs.correiobraziliense.com.br\/capital-sa\/wp-json\/wp\/v2\/categories?post=18616"},{"taxonomy":"post_tag","embeddable":true,"href":"https:\/\/blogs.correiobraziliense.com.br\/capital-sa\/wp-json\/wp\/v2\/tags?post=18616"}],"curies":[{"name":"wp","href":"https:\/\/api.w.org\/{rel}","templated":true}]}}