{"id":18594,"date":"2025-02-20T11:29:28","date_gmt":"2025-02-20T14:29:28","guid":{"rendered":"https:\/\/blogs.correiobraziliense.com.br\/capital-sa\/?p=18594"},"modified":"2025-02-20T16:06:29","modified_gmt":"2025-02-20T19:06:29","slug":"tarifa-do-brasil-as-importacoes-norte-americanas-e-4x-menor-do-que-a-prevista","status":"publish","type":"post","link":"https:\/\/blogs.correiobraziliense.com.br\/capital-sa\/2025\/02\/20\/tarifa-do-brasil-as-importacoes-norte-americanas-e-4x-menor-do-que-a-prevista\/","title":{"rendered":"Tarifa do Brasil \u00e0s importa\u00e7\u00f5es norte-americanas \u00e9 4x menor do que a prevista"},"content":{"rendered":"<p class=\"p1\" style=\"padding-left: 30px\"><strong>Por Samanta Sallum\u00a0<\/strong><\/p>\n<p class=\"p1\"><span class=\"s2\">A ind\u00fastria brasileira monitora, com aten\u00e7\u00e3o, as atualiza\u00e7\u00f5es na pol\u00edtica comercial dos Estados Unidos diante dos an\u00fancios sobre tarifas e com\u00e9rcio rec\u00edproco feitos pelo presidente norte-americano Donald Trump. Os EUA s\u00e3o o principal parceiro da ind\u00fastria de transforma\u00e7\u00e3o brasileira e ocupam o primeiro lugar no ranking de com\u00e9rcio de servi\u00e7os e investimentos diretos no pa\u00eds. O valor efetivamente pago nas importa\u00e7\u00f5es vindas de l\u00e1 foi quatro vezes menor do que a tarifa nominal de 11,2% que o Brasil assumiu como compromisso na Organiza\u00e7\u00e3o Mundial do Com\u00e9rcio (OMC).<br \/>\n<\/span><\/p>\n<p class=\"p1\"><span class=\"s2\">A\u00a0<\/span>entrada de produtos norte-americanos no Brasil estava sujeita a uma tarifa de importa\u00e7\u00e3o real de 2,7% em 2023.\u00a0<span class=\"s2\">A diferen\u00e7a entre a tarifa efetiva aplicada pelo Brasil \u00e0s importa\u00e7\u00f5es dos EUA e a tarifa nominal ocorre devido ao uso de regimes aduaneiros especiais, como drawback e ex-tarif\u00e1rio.<br \/>\n<\/span><\/p>\n<p class=\"p1\"><span class=\"s2\">O levantamento \u00e9 da Confedera\u00e7\u00e3o Nacional da Ind\u00fastria (CNI) e indica que produtos como motores e m\u00e1quinas n\u00e3o el\u00e9tricas, adubos e fertilizantes qu\u00edmicos, \u00f3leos combust\u00edveis de petr\u00f3leo e g\u00e1s natural n\u00e3o t\u00eam a incid\u00eancia de tarifas.<\/span><\/p>\n<p><img loading=\"lazy\" decoding=\"async\" class=\"aligncenter size-medium wp-image-18599\" src=\"https:\/\/blogs.correiobraziliense.com.br\/capital-sa\/wp-content\/uploads\/sites\/59\/2025\/02\/IMG_3197-300x214.jpeg\" alt=\"\" width=\"300\" height=\"214\" srcset=\"https:\/\/blogs.correiobraziliense.com.br\/capital-sa\/wp-content\/uploads\/sites\/59\/2025\/02\/IMG_3197-300x214.jpeg 300w, https:\/\/blogs.correiobraziliense.com.br\/capital-sa\/wp-content\/uploads\/sites\/59\/2025\/02\/IMG_3197-768x549.jpeg 768w, https:\/\/blogs.correiobraziliense.com.br\/capital-sa\/wp-content\/uploads\/sites\/59\/2025\/02\/IMG_3197-1024x732.jpeg 1024w, https:\/\/blogs.correiobraziliense.com.br\/capital-sa\/wp-content\/uploads\/sites\/59\/2025\/02\/IMG_3197-800x572.jpeg 800w, https:\/\/blogs.correiobraziliense.com.br\/capital-sa\/wp-content\/uploads\/sites\/59\/2025\/02\/IMG_3197-550x393.jpeg 550w, https:\/\/blogs.correiobraziliense.com.br\/capital-sa\/wp-content\/uploads\/sites\/59\/2025\/02\/IMG_3197-230x164.jpeg 230w, https:\/\/blogs.correiobraziliense.com.br\/capital-sa\/wp-content\/uploads\/sites\/59\/2025\/02\/IMG_3197.jpeg 1080w\" sizes=\"auto, (max-width: 300px) 100vw, 300px\" \/><\/p>\n<p>&nbsp;<\/p>\n<p class=\"p1\"><span class=\"s2\"><strong> US$ 159,5 bilh\u00f5es<\/strong><br \/>\n<\/span>Valor, entre 2019 e 2024, das vendas da ind\u00fastria de transforma\u00e7\u00e3o brasileira para o mercado norte-americano.<\/p>\n<p class=\"p1\"><strong><span class=\"s2\">Super\u00e1vit dos EUA <\/span><\/strong><\/p>\n<p class=\"p1\"><span class=\"s2\">O relacionamento bilateral tamb\u00e9m \u00e9 positivo para os Estudos Unidos, que mant\u00eam um superavit expressivo nas transa\u00e7\u00f5es com o Brasil. Nos \u00faltimos cinco anos, os EUA acumularam um superavit de US$ 58,3 bilh\u00f5es no com\u00e9rcio bilateral de bens e de servi\u00e7os entre 2019 e 2024. O Brasil se destaca pelo saldo positivo para os EUA, ao contr\u00e1rio de pa\u00edses como China, Canad\u00e1, M\u00e9xico, al\u00e9m da Uni\u00e3o Europeia, com os quais os norte-americanos enfrentam deficit.<\/span><\/p>\n<p class=\"p1\"><strong><span class=\"s2\">Defesa da rela\u00e7\u00e3o bilateral <\/span><\/strong><\/p>\n<p class=\"p1\"><span class=\"s2\">\u201cEmpenharemos esfor\u00e7os para dialogar com o governo brasileiro e o governo americano, para conciliar os interesses dos setores produtivos e demonstrar que o relacionamento bilateral \u00e9 altamente positivo para ambos os pa\u00edses\u201d, afirmou Ricardo Alban, presidente da CNI, \u00e0 coluna.<span class=\"Apple-converted-space\">\u00a0<\/span>&#8220;A CNI continuar\u00e1 trabalhando para manter a melhor rela\u00e7\u00e3o comercial com os EUA, que s\u00e3o o principal destino dos produtos manufaturados do Brasil.<\/span><\/p>\n","protected":false},"excerpt":{"rendered":"<p>Por Samanta Sallum\u00a0 A ind\u00fastria brasileira monitora, com aten\u00e7\u00e3o, as atualiza\u00e7\u00f5es na pol\u00edtica comercial dos Estados Unidos diante dos an\u00fancios sobre tarifas e com\u00e9rcio rec\u00edproco feitos pelo presidente norte-americano Donald Trump. Os EUA s\u00e3o o principal parceiro da ind\u00fastria de transforma\u00e7\u00e3o brasileira e ocupam o primeiro lugar no ranking de com\u00e9rcio de servi\u00e7os e investimentos diretos no pa\u00eds. O valor [&hellip;]<\/p>\n","protected":false},"author":125,"featured_media":18598,"comment_status":"open","ping_status":"open","sticky":false,"template":"","format":"standard","meta":{"footnotes":""},"categories":[6],"tags":[2789,2255,2703,276,2241,1520,2791,2790,2005,64],"class_list":["post-18594","post","type-post","status-publish","format-standard","has-post-thumbnail","hentry","category-coluna-capital-s-a","tag-comerciobilateral","tag-comercioexterior","tag-donaldtrump","tag-economia","tag-importacao","tag-industriabrasileira","tag-omc","tag-politicacomercial","tag-ricardoalban","tag-cni"],"_links":{"self":[{"href":"https:\/\/blogs.correiobraziliense.com.br\/capital-sa\/wp-json\/wp\/v2\/posts\/18594","targetHints":{"allow":["GET"]}}],"collection":[{"href":"https:\/\/blogs.correiobraziliense.com.br\/capital-sa\/wp-json\/wp\/v2\/posts"}],"about":[{"href":"https:\/\/blogs.correiobraziliense.com.br\/capital-sa\/wp-json\/wp\/v2\/types\/post"}],"author":[{"embeddable":true,"href":"https:\/\/blogs.correiobraziliense.com.br\/capital-sa\/wp-json\/wp\/v2\/users\/125"}],"replies":[{"embeddable":true,"href":"https:\/\/blogs.correiobraziliense.com.br\/capital-sa\/wp-json\/wp\/v2\/comments?post=18594"}],"version-history":[{"count":6,"href":"https:\/\/blogs.correiobraziliense.com.br\/capital-sa\/wp-json\/wp\/v2\/posts\/18594\/revisions"}],"predecessor-version":[{"id":18612,"href":"https:\/\/blogs.correiobraziliense.com.br\/capital-sa\/wp-json\/wp\/v2\/posts\/18594\/revisions\/18612"}],"wp:featuredmedia":[{"embeddable":true,"href":"https:\/\/blogs.correiobraziliense.com.br\/capital-sa\/wp-json\/wp\/v2\/media\/18598"}],"wp:attachment":[{"href":"https:\/\/blogs.correiobraziliense.com.br\/capital-sa\/wp-json\/wp\/v2\/media?parent=18594"}],"wp:term":[{"taxonomy":"category","embeddable":true,"href":"https:\/\/blogs.correiobraziliense.com.br\/capital-sa\/wp-json\/wp\/v2\/categories?post=18594"},{"taxonomy":"post_tag","embeddable":true,"href":"https:\/\/blogs.correiobraziliense.com.br\/capital-sa\/wp-json\/wp\/v2\/tags?post=18594"}],"curies":[{"name":"wp","href":"https:\/\/api.w.org\/{rel}","templated":true}]}}