{"id":18574,"date":"2025-02-19T16:51:10","date_gmt":"2025-02-19T19:51:10","guid":{"rendered":"https:\/\/blogs.correiobraziliense.com.br\/capital-sa\/?p=18574"},"modified":"2025-02-19T18:08:30","modified_gmt":"2025-02-19T21:08:30","slug":"regularizacao-de-guaritas-e-cercamentos-de-condominios-sera-votada-na-camara","status":"publish","type":"post","link":"https:\/\/blogs.correiobraziliense.com.br\/capital-sa\/2025\/02\/19\/regularizacao-de-guaritas-e-cercamentos-de-condominios-sera-votada-na-camara\/","title":{"rendered":"Regulariza\u00e7\u00e3o de guaritas e cercamentos de condom\u00ednios ser\u00e1 votada na C\u00e2mara"},"content":{"rendered":"<p class=\"p1\"><strong>Por Samanta Sallum\u00a0<\/strong><\/p>\n<p class=\"p1\"><span class=\"s1\">O presidente da C\u00e2mara Legislativa, Wellington Luiz (MDB), afirmou \u00e0 coluna que entrar\u00e1 em breve na pauta de vota\u00e7\u00e3o o projeto de lei do GDF que regulariza guaritas e cercamentos de condom\u00ednios horizontais instalados at\u00e9 2021. A proposta j\u00e1 est\u00e1 na CLDF.<br \/>\n<\/span><\/p>\n<p class=\"p1\"><span class=\"s1\">\u201c\u00c9 uma situa\u00e7\u00e3o que precisa ser resolvida. Pois os condom\u00ednios querem legalizar a quest\u00e3o, mas, enquanto n\u00e3o se resolve a lei, est\u00e3o sendo alvos do DF-Legal. Estamos amadurecendo o projeto aqui na Casa para poder votar nos pr\u00f3ximos dias\u201d, disse.<\/span><\/p>\n<p class=\"p1\"><span class=\"s1\"><strong>Duas modalidades: acesso controlado ou fechado<\/strong> <\/span><\/p>\n<p class=\"p1\"><span class=\"s1\">O loteamento poder\u00e1 optar por acesso controlado, em que, mediante identifica\u00e7\u00e3o do visitante, ele n\u00e3o pode ser barrado, no caso de haver \u00e1reas p\u00fablicas dentro do condom\u00ednio,<span class=\"Apple-converted-space\">\u00a0o<\/span>u pelo acesso fechado, em que n\u00e3o moradores podem ser barrados na entrada. Mas, neste caso, a \u00e1rea p\u00fablica tem que ser objeto de uma concess\u00e3o de uso exclusivo, em que o condom\u00ednio vai pagar pelo uso exclusivo daquela \u00e1rea. Nessa modalidade, consegue barrar, de fato, a entrada de n\u00e3o moradores.<\/span><\/p>\n<p>&nbsp;<\/p>\n","protected":false},"excerpt":{"rendered":"<p>Por Samanta Sallum\u00a0 O presidente da C\u00e2mara Legislativa, Wellington Luiz (MDB), afirmou \u00e0 coluna que entrar\u00e1 em breve na pauta de vota\u00e7\u00e3o o projeto de lei do GDF que regulariza guaritas e cercamentos de condom\u00ednios horizontais instalados at\u00e9 2021. A proposta j\u00e1 est\u00e1 na CLDF. \u201c\u00c9 uma situa\u00e7\u00e3o que precisa ser resolvida. Pois os condom\u00ednios querem legalizar a quest\u00e3o, mas, [&hellip;]<\/p>\n","protected":false},"author":125,"featured_media":18579,"comment_status":"open","ping_status":"open","sticky":false,"template":"","format":"standard","meta":{"footnotes":""},"categories":[6],"tags":[1686,2763,203,642,414,2490,776],"class_list":["post-18574","post","type-post","status-publish","format-standard","has-post-thumbnail","hentry","category-coluna-capital-s-a","tag-cldf","tag-dflegal","tag-gdf","tag-ibaneisrocha","tag-regularizacao","tag-wellingtonluiz","tag-condominios"],"_links":{"self":[{"href":"https:\/\/blogs.correiobraziliense.com.br\/capital-sa\/wp-json\/wp\/v2\/posts\/18574","targetHints":{"allow":["GET"]}}],"collection":[{"href":"https:\/\/blogs.correiobraziliense.com.br\/capital-sa\/wp-json\/wp\/v2\/posts"}],"about":[{"href":"https:\/\/blogs.correiobraziliense.com.br\/capital-sa\/wp-json\/wp\/v2\/types\/post"}],"author":[{"embeddable":true,"href":"https:\/\/blogs.correiobraziliense.com.br\/capital-sa\/wp-json\/wp\/v2\/users\/125"}],"replies":[{"embeddable":true,"href":"https:\/\/blogs.correiobraziliense.com.br\/capital-sa\/wp-json\/wp\/v2\/comments?post=18574"}],"version-history":[{"count":6,"href":"https:\/\/blogs.correiobraziliense.com.br\/capital-sa\/wp-json\/wp\/v2\/posts\/18574\/revisions"}],"predecessor-version":[{"id":18592,"href":"https:\/\/blogs.correiobraziliense.com.br\/capital-sa\/wp-json\/wp\/v2\/posts\/18574\/revisions\/18592"}],"wp:featuredmedia":[{"embeddable":true,"href":"https:\/\/blogs.correiobraziliense.com.br\/capital-sa\/wp-json\/wp\/v2\/media\/18579"}],"wp:attachment":[{"href":"https:\/\/blogs.correiobraziliense.com.br\/capital-sa\/wp-json\/wp\/v2\/media?parent=18574"}],"wp:term":[{"taxonomy":"category","embeddable":true,"href":"https:\/\/blogs.correiobraziliense.com.br\/capital-sa\/wp-json\/wp\/v2\/categories?post=18574"},{"taxonomy":"post_tag","embeddable":true,"href":"https:\/\/blogs.correiobraziliense.com.br\/capital-sa\/wp-json\/wp\/v2\/tags?post=18574"}],"curies":[{"name":"wp","href":"https:\/\/api.w.org\/{rel}","templated":true}]}}