{"id":1856,"date":"2021-02-15T15:42:15","date_gmt":"2021-02-15T18:42:15","guid":{"rendered":"https:\/\/blogs.correiobraziliense.com.br\/capital-sa\/?p=1856"},"modified":"2021-02-15T20:33:48","modified_gmt":"2021-02-15T23:33:48","slug":"cdl-contra-ponto-facultativo-no-df","status":"publish","type":"post","link":"https:\/\/blogs.correiobraziliense.com.br\/capital-sa\/2021\/02\/15\/cdl-contra-ponto-facultativo-no-df\/","title":{"rendered":"CDL contra ponto facultativo no DF"},"content":{"rendered":"<div dir=\"auto\">\n<p>A C\u00e2mara de Dirigentes Lojistas do DF criticou o fato de o GDF ter dado ponto facultativo hoje, amanh\u00e3 e na quarta-feira de cinzas. A entidade foi contra a decreta\u00e7\u00e3o do feriado de forma geral, j\u00e1 que n\u00e3o seria poss\u00edvel realizar o carnaval devido \u00e0 pandemia.\u201cSomos totalmente contra o ponto facultativo nesta \u00e9poca. V\u00e1rios estados suspenderam, como Cear\u00e1, Maranh\u00e3o e Esp\u00edrito Santo. Aqui deveria ter sido uma coisa previamente acordada com o governo local\u201d, \u00a0afirma o presidente da CDL DF, Wagner da Silveira.<\/p>\n<p><b>Preju\u00edzos com menos vendas<\/b><\/p>\n<p>Segundo ele, a pandemia causou preju\u00edzos que ainda v\u00e3o demorar a serem recuperados. \u201cQuem n\u00e3o tem emprego p\u00fablico n\u00e3o pode ficar parado. O vendedor tem que vender para ganhar comiss\u00e3o; empres\u00e1rios t\u00eam que vender para pagar funcion\u00e1rios, fornecedores, impostos e despesas\u201d, ressalta.<\/p>\n<p><img loading=\"lazy\" decoding=\"async\" class=\"aligncenter size-medium wp-image-1635\" src=\"https:\/\/blogs.correiobraziliense.com.br\/capital-sa\/wp-content\/uploads\/sites\/59\/2021\/02\/5E9657CF-FE37-43E0-BB90-17EB869A61D6-300x225.jpeg\" alt=\"\" width=\"300\" height=\"225\" srcset=\"https:\/\/blogs.correiobraziliense.com.br\/capital-sa\/wp-content\/uploads\/sites\/59\/2021\/02\/5E9657CF-FE37-43E0-BB90-17EB869A61D6-300x225.jpeg 300w, https:\/\/blogs.correiobraziliense.com.br\/capital-sa\/wp-content\/uploads\/sites\/59\/2021\/02\/5E9657CF-FE37-43E0-BB90-17EB869A61D6-768x576.jpeg 768w, https:\/\/blogs.correiobraziliense.com.br\/capital-sa\/wp-content\/uploads\/sites\/59\/2021\/02\/5E9657CF-FE37-43E0-BB90-17EB869A61D6-1024x768.jpeg 1024w, https:\/\/blogs.correiobraziliense.com.br\/capital-sa\/wp-content\/uploads\/sites\/59\/2021\/02\/5E9657CF-FE37-43E0-BB90-17EB869A61D6-1440x1080.jpeg 1440w, https:\/\/blogs.correiobraziliense.com.br\/capital-sa\/wp-content\/uploads\/sites\/59\/2021\/02\/5E9657CF-FE37-43E0-BB90-17EB869A61D6-800x600.jpeg 800w, https:\/\/blogs.correiobraziliense.com.br\/capital-sa\/wp-content\/uploads\/sites\/59\/2021\/02\/5E9657CF-FE37-43E0-BB90-17EB869A61D6-550x413.jpeg 550w, https:\/\/blogs.correiobraziliense.com.br\/capital-sa\/wp-content\/uploads\/sites\/59\/2021\/02\/5E9657CF-FE37-43E0-BB90-17EB869A61D6-230x173.jpeg 230w\" sizes=\"auto, (max-width: 300px) 100vw, 300px\" \/><\/p>\n<\/div>\n<div dir=\"auto\">\n<blockquote><p>\u201cA gente precisa vender, e n\u00e3o de feriado. Quem gosta de feriado \u00e9 quem n\u00e3o produz\u201d, refor\u00e7a o presidente da CDL.<\/p><\/blockquote>\n<\/div>\n<div dir=\"auto\"><\/div>\n<div dir=\"auto\">\n<p><b>Perigo de cont\u00e1gio<\/b><\/p>\n<p>O presidente da CDL aponta o perigo do feriado neste momento de pandemia. \u201cPonto facultativo, para mim, \u00e9 aumento de cont\u00e1gio, porque o cara n\u00e3o vai ficar s\u00f3 em casa, vai aglomerar, vai procurar um lugar e faz um bloco ali, a\u00ed coloca uma musiquinha e vem o \u00e1lcool, e a\u00ed fica sem m\u00e1scara.\u201d<\/p>\n<\/div>\n<div dir=\"auto\"><\/div>\n<div dir=\"auto\">___________________________<\/div>\n","protected":false},"excerpt":{"rendered":"<p>A C\u00e2mara de Dirigentes Lojistas do DF criticou o fato de o GDF ter dado ponto facultativo hoje, amanh\u00e3 e na quarta-feira de cinzas. A entidade foi contra a decreta\u00e7\u00e3o do feriado de forma geral, j\u00e1 que n\u00e3o seria poss\u00edvel realizar o carnaval devido \u00e0 pandemia.\u201cSomos totalmente contra o ponto facultativo nesta \u00e9poca. V\u00e1rios estados suspenderam, como Cear\u00e1, Maranh\u00e3o e [&hellip;]<\/p>\n","protected":false},"author":125,"featured_media":1267,"comment_status":"open","ping_status":"open","sticky":false,"template":"","format":"standard","meta":{"footnotes":""},"categories":[1],"tags":[],"class_list":["post-1856","post","type-post","status-publish","format-standard","has-post-thumbnail","hentry","category-sem-categoria"],"_links":{"self":[{"href":"https:\/\/blogs.correiobraziliense.com.br\/capital-sa\/wp-json\/wp\/v2\/posts\/1856","targetHints":{"allow":["GET"]}}],"collection":[{"href":"https:\/\/blogs.correiobraziliense.com.br\/capital-sa\/wp-json\/wp\/v2\/posts"}],"about":[{"href":"https:\/\/blogs.correiobraziliense.com.br\/capital-sa\/wp-json\/wp\/v2\/types\/post"}],"author":[{"embeddable":true,"href":"https:\/\/blogs.correiobraziliense.com.br\/capital-sa\/wp-json\/wp\/v2\/users\/125"}],"replies":[{"embeddable":true,"href":"https:\/\/blogs.correiobraziliense.com.br\/capital-sa\/wp-json\/wp\/v2\/comments?post=1856"}],"version-history":[{"count":4,"href":"https:\/\/blogs.correiobraziliense.com.br\/capital-sa\/wp-json\/wp\/v2\/posts\/1856\/revisions"}],"predecessor-version":[{"id":1862,"href":"https:\/\/blogs.correiobraziliense.com.br\/capital-sa\/wp-json\/wp\/v2\/posts\/1856\/revisions\/1862"}],"wp:featuredmedia":[{"embeddable":true,"href":"https:\/\/blogs.correiobraziliense.com.br\/capital-sa\/wp-json\/wp\/v2\/media\/1267"}],"wp:attachment":[{"href":"https:\/\/blogs.correiobraziliense.com.br\/capital-sa\/wp-json\/wp\/v2\/media?parent=1856"}],"wp:term":[{"taxonomy":"category","embeddable":true,"href":"https:\/\/blogs.correiobraziliense.com.br\/capital-sa\/wp-json\/wp\/v2\/categories?post=1856"},{"taxonomy":"post_tag","embeddable":true,"href":"https:\/\/blogs.correiobraziliense.com.br\/capital-sa\/wp-json\/wp\/v2\/tags?post=1856"}],"curies":[{"name":"wp","href":"https:\/\/api.w.org\/{rel}","templated":true}]}}