{"id":18556,"date":"2025-02-18T15:05:53","date_gmt":"2025-02-18T18:05:53","guid":{"rendered":"https:\/\/blogs.correiobraziliense.com.br\/capital-sa\/?p=18556"},"modified":"2025-02-19T14:04:09","modified_gmt":"2025-02-19T17:04:09","slug":"carnaval-em-marco-vai-reduzir-em-60-viagens-dos-brasilienses","status":"publish","type":"post","link":"https:\/\/blogs.correiobraziliense.com.br\/capital-sa\/2025\/02\/18\/carnaval-em-marco-vai-reduzir-em-60-viagens-dos-brasilienses\/","title":{"rendered":"Carnaval em mar\u00e7o vai reduzir em 60% viagens dos brasilienses"},"content":{"rendered":"<p><em>Com fim das f\u00e9rias de servidores p\u00fablicos e in\u00edcio de aulas nas escolas, mais pessoas ficar\u00e3o no DF. Com\u00e9rcio prev\u00ea maior movimento e parte vai funcionar no domingo e na segunda-feira de carnaval<\/em><\/p>\n<p class=\"p1\"><strong>Por Samanta Sallum\u00a0<\/strong><\/p>\n<p class=\"p1\"><span class=\"s1\">Este ano, como o carnaval ser\u00e1 em mar\u00e7o &#8211; nos dias 2, 3 e 4 &#8211; o n\u00famero dos que deixar\u00e3o o Distrito Federal em dire\u00e7\u00e3o a outros estados e a outros pa\u00edses deve ter uma queda de 60%, estima o Sindicato do Com\u00e9rcio Varejista do DF. No carnaval de 2024, em fevereiro, sa\u00edram do DF cerca de 120 mil pessoas. Agora, diante do novo cen\u00e1rio, o total dos que viajar\u00e3o n\u00e3o deve passar de 76 mil pessoas.<\/span><\/p>\n<p class=\"p1\"><span class=\"s1\">Em anos nos quais a folia cai em mar\u00e7o, a queda no total de viajantes \u00e9 inevit\u00e1vel porque as aulas come\u00e7am antes, em fevereiro. Al\u00e9m disso, a maioria dos servidores p\u00fablicos tira f\u00e9rias entre janeiro e fevereiro, ou em julho.<\/span><\/p>\n<p class=\"p1\"><span class=\"s1\">O empres\u00e1rio Sebasti\u00e3o Abritta, presidente do Sindivarejista, explica que \u201cmais gente no DF durante o carnaval significa, na pr\u00e1tica, mais consumo e crescimento da economia.\u201d<\/span><\/p>\n<p class=\"p1\"><span class=\"s1\">Abritta informou \u00e0 coluna que, no domingo (2) e na segunda-feira de carnaval (3), o com\u00e9rcio do DF est\u00e1 autorizado a abrir, mas fechar\u00e1 na ter\u00e7a-feira (4), reabrindo na quarta-feira de cinzas (5).<\/span><\/p>\n","protected":false},"excerpt":{"rendered":"<p>Com fim das f\u00e9rias de servidores p\u00fablicos e in\u00edcio de aulas nas escolas, mais pessoas ficar\u00e3o no DF. Com\u00e9rcio prev\u00ea maior movimento e parte vai funcionar no domingo e na segunda-feira de carnaval Por Samanta Sallum\u00a0 Este ano, como o carnaval ser\u00e1 em mar\u00e7o &#8211; nos dias 2, 3 e 4 &#8211; o n\u00famero dos que deixar\u00e3o o Distrito Federal [&hellip;]<\/p>\n","protected":false},"author":125,"featured_media":18560,"comment_status":"open","ping_status":"open","sticky":false,"template":"","format":"standard","meta":{"footnotes":""},"categories":[6],"tags":[876,408,276,1817,1963,2266,333,10],"class_list":["post-18556","post","type-post","status-publish","format-standard","has-post-thumbnail","hentry","category-coluna-capital-s-a","tag-carnaval","tag-crescimento","tag-economia","tag-folia","tag-sebastiaoabritta","tag-sindivarejista-df","tag-turismo","tag-comercio"],"_links":{"self":[{"href":"https:\/\/blogs.correiobraziliense.com.br\/capital-sa\/wp-json\/wp\/v2\/posts\/18556","targetHints":{"allow":["GET"]}}],"collection":[{"href":"https:\/\/blogs.correiobraziliense.com.br\/capital-sa\/wp-json\/wp\/v2\/posts"}],"about":[{"href":"https:\/\/blogs.correiobraziliense.com.br\/capital-sa\/wp-json\/wp\/v2\/types\/post"}],"author":[{"embeddable":true,"href":"https:\/\/blogs.correiobraziliense.com.br\/capital-sa\/wp-json\/wp\/v2\/users\/125"}],"replies":[{"embeddable":true,"href":"https:\/\/blogs.correiobraziliense.com.br\/capital-sa\/wp-json\/wp\/v2\/comments?post=18556"}],"version-history":[{"count":6,"href":"https:\/\/blogs.correiobraziliense.com.br\/capital-sa\/wp-json\/wp\/v2\/posts\/18556\/revisions"}],"predecessor-version":[{"id":18571,"href":"https:\/\/blogs.correiobraziliense.com.br\/capital-sa\/wp-json\/wp\/v2\/posts\/18556\/revisions\/18571"}],"wp:featuredmedia":[{"embeddable":true,"href":"https:\/\/blogs.correiobraziliense.com.br\/capital-sa\/wp-json\/wp\/v2\/media\/18560"}],"wp:attachment":[{"href":"https:\/\/blogs.correiobraziliense.com.br\/capital-sa\/wp-json\/wp\/v2\/media?parent=18556"}],"wp:term":[{"taxonomy":"category","embeddable":true,"href":"https:\/\/blogs.correiobraziliense.com.br\/capital-sa\/wp-json\/wp\/v2\/categories?post=18556"},{"taxonomy":"post_tag","embeddable":true,"href":"https:\/\/blogs.correiobraziliense.com.br\/capital-sa\/wp-json\/wp\/v2\/tags?post=18556"}],"curies":[{"name":"wp","href":"https:\/\/api.w.org\/{rel}","templated":true}]}}