{"id":18546,"date":"2025-02-18T11:14:12","date_gmt":"2025-02-18T14:14:12","guid":{"rendered":"https:\/\/blogs.correiobraziliense.com.br\/capital-sa\/?p=18546"},"modified":"2025-02-18T12:34:59","modified_gmt":"2025-02-18T15:34:59","slug":"agenda-juridica-da-industria-preocupacao-com-acoes-tributarias-no-stf","status":"publish","type":"post","link":"https:\/\/blogs.correiobraziliense.com.br\/capital-sa\/2025\/02\/18\/agenda-juridica-da-industria-preocupacao-com-acoes-tributarias-no-stf\/","title":{"rendered":"Agenda Jur\u00eddica da Ind\u00fastria: preocupa\u00e7\u00e3o com a\u00e7\u00f5es tribut\u00e1rias no STF"},"content":{"rendered":"<p class=\"p1\"><strong>Por Samanta Sallum\u00a0<\/strong><\/p>\n<p class=\"p1\"><span class=\"s2\">A Confedera\u00e7\u00e3o Nacional da Ind\u00fastria (CNI) lan\u00e7a, nesta ter\u00e7a-feira, a 10\u00aa <\/span><span class=\"s1\">Agenda Jur\u00eddica da <\/span><span class=\"s1\">Ind\u00fastria<\/span><span class=\"s2\">. O<\/span><span class=\"s4\"> documento elenca 78 a\u00e7\u00f5es judiciais de interesse do setor que tramitam no STF. Destas, 15 s\u00e3o processos de autoria da CNI, 30 em que a entidade \u00e9 amicus curiae e outras 33 monitoradas por serem de interesse do segmento. Do total,\u00a0 65% s\u00e3o tribut\u00e1rias e trabalhistas.<\/span><span class=\"s2\"> Inclui 20 novos processos que n\u00e3o faziam parte da edi\u00e7\u00e3o do ano passado.<\/span><\/p>\n<blockquote>\n<p class=\"p1\">\u201cA CNI entende que seguran\u00e7a jur\u00eddica e previsibilidade nos processos judiciais s\u00e3o pilares para a confian\u00e7a dos investidores, essenciais \u00e0 atra\u00e7\u00e3o de capital e ao fortalecimento da ind\u00fastria nacional\u201d, Ricardo Alban, presidente da CNI.<\/p>\n<\/blockquote>\n<p class=\"p1\">Esta edi\u00e7\u00e3o de agenda jur\u00eddica \u00e9 especial porque celebra uma d\u00e9cada. \u201cRefor\u00e7amos a miss\u00e3o de construir um ambiente favor\u00e1vel aos neg\u00f3cios, capaz de impulsionar a inova\u00e7\u00e3o e fomentar o crescimento sustent\u00e1vel da nossa economia\u201d, destaca Alban.<\/p>\n","protected":false},"excerpt":{"rendered":"<p>Por Samanta Sallum\u00a0 A Confedera\u00e7\u00e3o Nacional da Ind\u00fastria (CNI) lan\u00e7a, nesta ter\u00e7a-feira, a 10\u00aa Agenda Jur\u00eddica da Ind\u00fastria. O documento elenca 78 a\u00e7\u00f5es judiciais de interesse do setor que tramitam no STF. Destas, 15 s\u00e3o processos de autoria da CNI, 30 em que a entidade \u00e9 amicus curiae e outras 33 monitoradas por serem de interesse do segmento. Do total,\u00a0 [&hellip;]<\/p>\n","protected":false},"author":125,"featured_media":18551,"comment_status":"open","ping_status":"open","sticky":false,"template":"","format":"standard","meta":{"footnotes":""},"categories":[6],"tags":[2782,408,351,2784,2783,2005,64],"class_list":["post-18546","post","type-post","status-publish","format-standard","has-post-thumbnail","hentry","category-coluna-capital-s-a","tag-agendajuridica","tag-crescimento","tag-inovacao","tag-processostrabalhistas","tag-processostributarios","tag-ricardoalban","tag-cni"],"_links":{"self":[{"href":"https:\/\/blogs.correiobraziliense.com.br\/capital-sa\/wp-json\/wp\/v2\/posts\/18546","targetHints":{"allow":["GET"]}}],"collection":[{"href":"https:\/\/blogs.correiobraziliense.com.br\/capital-sa\/wp-json\/wp\/v2\/posts"}],"about":[{"href":"https:\/\/blogs.correiobraziliense.com.br\/capital-sa\/wp-json\/wp\/v2\/types\/post"}],"author":[{"embeddable":true,"href":"https:\/\/blogs.correiobraziliense.com.br\/capital-sa\/wp-json\/wp\/v2\/users\/125"}],"replies":[{"embeddable":true,"href":"https:\/\/blogs.correiobraziliense.com.br\/capital-sa\/wp-json\/wp\/v2\/comments?post=18546"}],"version-history":[{"count":6,"href":"https:\/\/blogs.correiobraziliense.com.br\/capital-sa\/wp-json\/wp\/v2\/posts\/18546\/revisions"}],"predecessor-version":[{"id":18555,"href":"https:\/\/blogs.correiobraziliense.com.br\/capital-sa\/wp-json\/wp\/v2\/posts\/18546\/revisions\/18555"}],"wp:featuredmedia":[{"embeddable":true,"href":"https:\/\/blogs.correiobraziliense.com.br\/capital-sa\/wp-json\/wp\/v2\/media\/18551"}],"wp:attachment":[{"href":"https:\/\/blogs.correiobraziliense.com.br\/capital-sa\/wp-json\/wp\/v2\/media?parent=18546"}],"wp:term":[{"taxonomy":"category","embeddable":true,"href":"https:\/\/blogs.correiobraziliense.com.br\/capital-sa\/wp-json\/wp\/v2\/categories?post=18546"},{"taxonomy":"post_tag","embeddable":true,"href":"https:\/\/blogs.correiobraziliense.com.br\/capital-sa\/wp-json\/wp\/v2\/tags?post=18546"}],"curies":[{"name":"wp","href":"https:\/\/api.w.org\/{rel}","templated":true}]}}