{"id":18529,"date":"2025-02-17T18:14:27","date_gmt":"2025-02-17T21:14:27","guid":{"rendered":"https:\/\/blogs.correiobraziliense.com.br\/capital-sa\/?p=18529"},"modified":"2025-02-17T18:48:49","modified_gmt":"2025-02-17T21:48:49","slug":"jogar-a-responsabilidade-nos-empresarios-e-um-absurdo-reage-sindicombustiveis-a-fala-de-lula","status":"publish","type":"post","link":"https:\/\/blogs.correiobraziliense.com.br\/capital-sa\/2025\/02\/17\/jogar-a-responsabilidade-nos-empresarios-e-um-absurdo-reage-sindicombustiveis-a-fala-de-lula\/","title":{"rendered":"\u201cJogar a responsabilidade nos empres\u00e1rios \u00e9 um absurdo!\u201d, reage Sindicombust\u00edveis \u00e0 fala de Lula"},"content":{"rendered":"<p class=\"p1\"><strong>Por Samanta Sallum\u00a0<\/strong><\/p>\n<p class=\"p1\"><span class=\"s1\">O Sindicombust\u00edveis manifestou-se reagindo \u00e0 fala do presidente Lula hoje sobre os altos pre\u00e7os dos combust\u00edveis. Ao defender a Petrobras, disse que o consumidor \u00e9 \u201cassaltado pelos intermedi\u00e1rios\u201d. A entidade que representa\u00a0<\/span>os postos de gasolina no Distrito Federal aponta que s\u00e3o os impostos, e n\u00e3o os empres\u00e1rios, os vil\u00f5es desta hist\u00f3ria, pois representam quase 50% do valor do combust\u00edvel vendido pela Petrobras.<\/p>\n<p class=\"p1\">\u201cSe o governo federal e os estados reduzissem essa carga tribut\u00e1ria, o pre\u00e7o ao consumidor seria menor. O revendedor faz sua parte social contribuindo de diversas formas, empregando, pagando INSS, FGTS e outros encargos, al\u00e9m de operar sob regras rigorosas e custos elevados\u201d, afirma o sindicato empresarial.<\/p>\n<p>O presidente Lula citou que o pre\u00e7o da gasolina na refinaria custa R$ 3,04, com R$ 1,47 de ICMS. No entanto, n\u00e3o mencionou dois tributos federais que impactam diretamente no pre\u00e7o: Pis\/Cofins: R$ 0,79 (pago antecipadamente); CIDE: R$ 0,10, que tamb\u00e9m incide sobre cada litro de gasolina e diesel. Com isso, o pre\u00e7o total da gasolina antes de qualquer outro custo j\u00e1 chega a R$ 5,40.<\/p>\n<p class=\"p1\"><span class=\"s1\">No caso do diesel, o presidente informou que o pre\u00e7o na refinaria \u00e9 R$ 3,77, somado ao ICMS de R$ 1,12. Mas tamb\u00e9m n\u00e3o calculou o impacto do Pis\/Cofins: R$ 0,79; CIDE: R$ 0,10.<\/span>Totalizando R$ 5,78 antes mesmo de considerar custos log\u00edsticos e margem de distribui\u00e7\u00e3o e revenda.<\/p>\n<p class=\"p1\"><span class=\"s1\">\u201cJogar a responsabilidade dos pre\u00e7os nas costas dos empres\u00e1rios que geram empregos e movimentam a economia \u00e9 um absurdo. <\/span>Nos postos, oferecemos seguran\u00e7a, ilumina\u00e7\u00e3o, conveni\u00eancia, atendimento 24 horas, servi\u00e7os banc\u00e1rios, calibradores, trocas de \u00f3leo e muito mais. Tudo isso tem custo\u201d, argumentou em nota oficial o Sindicombust\u00edveis.<\/p>\n","protected":false},"excerpt":{"rendered":"<p>Por Samanta Sallum\u00a0 O Sindicombust\u00edveis manifestou-se reagindo \u00e0 fala do presidente Lula hoje sobre os altos pre\u00e7os dos combust\u00edveis. Ao defender a Petrobras, disse que o consumidor \u00e9 \u201cassaltado pelos intermedi\u00e1rios\u201d. A entidade que representa\u00a0os postos de gasolina no Distrito Federal aponta que s\u00e3o os impostos, e n\u00e3o os empres\u00e1rios, os vil\u00f5es desta hist\u00f3ria, pois representam quase 50% do valor [&hellip;]<\/p>\n","protected":false},"author":125,"featured_media":18532,"comment_status":"open","ping_status":"open","sticky":false,"template":"","format":"standard","meta":{"footnotes":""},"categories":[6],"tags":[276,2207,378,496,1165,2781,2780,942],"class_list":["post-18529","post","type-post","status-publish","format-standard","has-post-thumbnail","hentry","category-coluna-capital-s-a","tag-economia","tag-governofederal","tag-icms","tag-impostos","tag-lula","tag-pis-cofins","tag-responsabilidade","tag-sindicombustiveis"],"_links":{"self":[{"href":"https:\/\/blogs.correiobraziliense.com.br\/capital-sa\/wp-json\/wp\/v2\/posts\/18529","targetHints":{"allow":["GET"]}}],"collection":[{"href":"https:\/\/blogs.correiobraziliense.com.br\/capital-sa\/wp-json\/wp\/v2\/posts"}],"about":[{"href":"https:\/\/blogs.correiobraziliense.com.br\/capital-sa\/wp-json\/wp\/v2\/types\/post"}],"author":[{"embeddable":true,"href":"https:\/\/blogs.correiobraziliense.com.br\/capital-sa\/wp-json\/wp\/v2\/users\/125"}],"replies":[{"embeddable":true,"href":"https:\/\/blogs.correiobraziliense.com.br\/capital-sa\/wp-json\/wp\/v2\/comments?post=18529"}],"version-history":[{"count":6,"href":"https:\/\/blogs.correiobraziliense.com.br\/capital-sa\/wp-json\/wp\/v2\/posts\/18529\/revisions"}],"predecessor-version":[{"id":18536,"href":"https:\/\/blogs.correiobraziliense.com.br\/capital-sa\/wp-json\/wp\/v2\/posts\/18529\/revisions\/18536"}],"wp:featuredmedia":[{"embeddable":true,"href":"https:\/\/blogs.correiobraziliense.com.br\/capital-sa\/wp-json\/wp\/v2\/media\/18532"}],"wp:attachment":[{"href":"https:\/\/blogs.correiobraziliense.com.br\/capital-sa\/wp-json\/wp\/v2\/media?parent=18529"}],"wp:term":[{"taxonomy":"category","embeddable":true,"href":"https:\/\/blogs.correiobraziliense.com.br\/capital-sa\/wp-json\/wp\/v2\/categories?post=18529"},{"taxonomy":"post_tag","embeddable":true,"href":"https:\/\/blogs.correiobraziliense.com.br\/capital-sa\/wp-json\/wp\/v2\/tags?post=18529"}],"curies":[{"name":"wp","href":"https:\/\/api.w.org\/{rel}","templated":true}]}}