{"id":18510,"date":"2025-02-17T13:15:24","date_gmt":"2025-02-17T16:15:24","guid":{"rendered":"https:\/\/blogs.correiobraziliense.com.br\/capital-sa\/?p=18510"},"modified":"2025-02-17T16:16:21","modified_gmt":"2025-02-17T19:16:21","slug":"gdf-vai-definir-quais-condominios-podem-ser-regularizados-pelo-pdot","status":"publish","type":"post","link":"https:\/\/blogs.correiobraziliense.com.br\/capital-sa\/2025\/02\/17\/gdf-vai-definir-quais-condominios-podem-ser-regularizados-pelo-pdot\/","title":{"rendered":"GDF vai definir quais condom\u00ednios podem ser regularizados pelo PDOT"},"content":{"rendered":"<p><em>Decreto assinado pelo governador Ibaneis Rocha, em 14 de janeiro, aponta caminho para legaliza\u00e7\u00e3o de n\u00facleos urbanos informais, comprovadamente existentes antes de 2 de julho de 2021, em zona urbana ou rural<\/em><\/p>\n<p class=\"p1\" style=\"padding-left: 30px\"><strong>Por Samanta Sallum\u00a0<\/strong><\/p>\n<p class=\"p1\"><span class=\"s1\">Um dos pontos espinhosos que o Plano Diretor de Ordenamento Territorial (PDOT) tem a resolver \u00e9 o da regulariza\u00e7\u00e3o de condom\u00ednios horizontais. Exemplo do tamanho do problema foi a decis\u00e3o da Justi\u00e7a, na semana passada, de determinar a demoli\u00e7\u00e3o de edifica\u00e7\u00f5es do Condom\u00ednio Mini Ch\u00e1caras do Lago Sul, no Altiplano Leste, por estarem em \u00e1rea de prote\u00e7\u00e3o ambiental. O GDF recorreu por meio da Procuradoria. Enquanto isso, de maneira macro, a Seduh est\u00e1 debru\u00e7ada nos estudos t\u00e9cnicos para apresentar a lista de condom\u00ednios pass\u00edveis de regulariza\u00e7\u00e3o no DF, que ser\u00e1 inclu\u00edda no projeto de lei de atualiza\u00e7\u00e3o do PDOT. Ele ser\u00e1 enviado ainda neste semestre para a C\u00e2mara Legislativa.<\/span><\/p>\n<p class=\"p1\"><span class=\"s1\">Os moradores de condom\u00ednios irregulares est\u00e3o depositando esperan\u00e7a no Decreto 46.741, do GDF, de 14 de janeiro de 2025, que definiu quais seriam os portes e capacidades admitidos, comprovados por estudo urban\u00edstico, para a regulariza\u00e7\u00e3o de condom\u00ednios. Foi regulamentada a altera\u00e7\u00e3o da Lei 986, que incluiu a possibilidade de regulariza\u00e7\u00e3o<span class=\"Apple-converted-space\">\u00a0<\/span>de n\u00facleos urbanos informais, comprovadamente existentes antes do dia 2 de julho de 2021, em zona urbana ou rural. <\/span><\/p>\n<p class=\"p1\"><strong><span class=\"s1\">Secretaria de Seguran\u00e7a no processo <\/span><\/strong><\/p>\n<p class=\"p1\"><span class=\"s1\">O GDF alega que h\u00e1 regi\u00f5es com moradias j\u00e1 consolidadas e irrevers\u00edveis e que \u00e9 preciso regularizar esses casos, fazendo os ajustes urban\u00edsticos necess\u00e1rios. Mas, para n\u00e3o incentivar que outros surjam, est\u00e1 a cargo da Secretaria de Seguran\u00e7a montar um plano de a\u00e7\u00e3o ostensivo para coibir em tempo real o surgimento de ocupa\u00e7\u00f5es irregulares.<\/span><\/p>\n<p class=\"p1\"><strong><span class=\"s1\">Debate do Codese<\/span><\/strong><\/p>\n<p class=\"p1\"><span class=\"s1\">O tema \u00e9 t\u00e3o importante que, amanh\u00e3, o Codese-DF vai reunir entidades do setor produtivo, integrantes do GDF e parlamentares para discutir o PDOT, no audit\u00f3rio do Sinduscon-DF.<\/span><\/p>\n<p class=\"p1\">\n","protected":false},"excerpt":{"rendered":"<p>Decreto assinado pelo governador Ibaneis Rocha, em 14 de janeiro, aponta caminho para legaliza\u00e7\u00e3o de n\u00facleos urbanos informais, comprovadamente existentes antes de 2 de julho de 2021, em zona urbana ou rural Por Samanta Sallum\u00a0 Um dos pontos espinhosos que o Plano Diretor de Ordenamento Territorial (PDOT) tem a resolver \u00e9 o da regulariza\u00e7\u00e3o de condom\u00ednios horizontais. Exemplo do tamanho [&hellip;]<\/p>\n","protected":false},"author":125,"featured_media":18524,"comment_status":"open","ping_status":"open","sticky":false,"template":"","format":"standard","meta":{"footnotes":""},"categories":[6],"tags":[1686,723,203,642,2167,639,414,2779,1054,2486,776],"class_list":["post-18510","post","type-post","status-publish","format-standard","has-post-thumbnail","hentry","category-coluna-capital-s-a","tag-cldf","tag-codese-df","tag-gdf","tag-ibaneisrocha","tag-legalizacao","tag-pdot","tag-regularizacao","tag-secretariadeseguranca","tag-seduh","tag-sinduscon-df","tag-condominios"],"_links":{"self":[{"href":"https:\/\/blogs.correiobraziliense.com.br\/capital-sa\/wp-json\/wp\/v2\/posts\/18510","targetHints":{"allow":["GET"]}}],"collection":[{"href":"https:\/\/blogs.correiobraziliense.com.br\/capital-sa\/wp-json\/wp\/v2\/posts"}],"about":[{"href":"https:\/\/blogs.correiobraziliense.com.br\/capital-sa\/wp-json\/wp\/v2\/types\/post"}],"author":[{"embeddable":true,"href":"https:\/\/blogs.correiobraziliense.com.br\/capital-sa\/wp-json\/wp\/v2\/users\/125"}],"replies":[{"embeddable":true,"href":"https:\/\/blogs.correiobraziliense.com.br\/capital-sa\/wp-json\/wp\/v2\/comments?post=18510"}],"version-history":[{"count":12,"href":"https:\/\/blogs.correiobraziliense.com.br\/capital-sa\/wp-json\/wp\/v2\/posts\/18510\/revisions"}],"predecessor-version":[{"id":18528,"href":"https:\/\/blogs.correiobraziliense.com.br\/capital-sa\/wp-json\/wp\/v2\/posts\/18510\/revisions\/18528"}],"wp:featuredmedia":[{"embeddable":true,"href":"https:\/\/blogs.correiobraziliense.com.br\/capital-sa\/wp-json\/wp\/v2\/media\/18524"}],"wp:attachment":[{"href":"https:\/\/blogs.correiobraziliense.com.br\/capital-sa\/wp-json\/wp\/v2\/media?parent=18510"}],"wp:term":[{"taxonomy":"category","embeddable":true,"href":"https:\/\/blogs.correiobraziliense.com.br\/capital-sa\/wp-json\/wp\/v2\/categories?post=18510"},{"taxonomy":"post_tag","embeddable":true,"href":"https:\/\/blogs.correiobraziliense.com.br\/capital-sa\/wp-json\/wp\/v2\/tags?post=18510"}],"curies":[{"name":"wp","href":"https:\/\/api.w.org\/{rel}","templated":true}]}}