{"id":18503,"date":"2025-02-17T11:16:30","date_gmt":"2025-02-17T14:16:30","guid":{"rendered":"https:\/\/blogs.correiobraziliense.com.br\/capital-sa\/?p=18503"},"modified":"2025-02-17T13:03:47","modified_gmt":"2025-02-17T16:03:47","slug":"veja-as-atividades-de-comercio-e-servicos-que-mais-crescem-no-df","status":"publish","type":"post","link":"https:\/\/blogs.correiobraziliense.com.br\/capital-sa\/2025\/02\/17\/veja-as-atividades-de-comercio-e-servicos-que-mais-crescem-no-df\/","title":{"rendered":"Veja as atividades de com\u00e9rcio e servi\u00e7os que mais crescem no DF"},"content":{"rendered":"<p><strong>Por Samanta Sallum\u00a0<\/strong><\/p>\n<p class=\"p1\"><span class=\"s1\">Os setores de com\u00e9rcio de bens e de servi\u00e7os do Distrito Federal apresentaram um desempenho acima do esperado em 2024, superando a m\u00e9dia nacional. Segundo o balan\u00e7o anual divulgado pelo IBGE, o varejo da capital cresceu 5,8%, enquanto o setor de servi\u00e7os registrou alta de 5,1%. Ambos os \u00edndices s\u00e3o maiores que as m\u00e9dias nacionais, de 4,7% e 3,1%, respectivamente, e representaram o melhor desempenho dos \u00faltimos 10 anos, considerando os ajustes sazonais. Artigos farmac\u00eauticos, m\u00e9dicos e venda de ve\u00edculos<span class=\"Apple-converted-space\">\u00a0<\/span>tiveram destaque nos resultados (veja quadro).<\/span><\/p>\n<p class=\"p1\"><strong><span class=\"s1\">6o melhor resultado no pa\u00eds <\/span><\/strong><\/p>\n<p class=\"p1\"><span class=\"s1\">No setor de servi\u00e7os, no acumulado do ano, o DF registrou o 6o melhor desempenho no pa\u00eds, ficando atr\u00e1s apenas de estados como Amazonas (10,2%), Amap\u00e1 (7,7%), Rio Grande do Sul (6,2%) e Santa Catarina (6,1%).<br \/>\n<\/span><\/p>\n<p class=\"p1\"><span class=\"s1\">Nos \u00faltimos 10 anos, em apenas tr\u00eas per\u00edodos, houve crescimento no com\u00e9rcio de bens: 2022, com 2,8%; 2019, com 0,7%; e 2014, com 0,1%.<\/span><\/p>\n<p class=\"p1\"><strong><span class=\"s1\">Aumento da massa salarial <\/span><\/strong><\/p>\n<p class=\"p1\"><span class=\"s1\">O presidente do Sistema Fecom\u00e9rcio-DF, Jos\u00e9 Aparecido Freire, explicou \u00e0 coluna os fatores que contribu\u00edram para o bom desempenho econ\u00f4mico da capital.<br \/>\n<\/span><\/p>\n<blockquote>\n<p class=\"p1\"><span class=\"s1\">\u201cO aumento da massa salarial e a queda no desemprego, que bateu recorde com mais de um milh\u00e3o de trabalhadores formais, sendo a maior parte no setor de com\u00e9rcio e servi\u00e7os, impulsionaram a economia e impactaram positivamente o consumo\u201d, afirmou.<\/span><\/p>\n<\/blockquote>\n<ul class=\"ul1\">\n<li class=\"li1\"><strong><span class=\"s1\">Atividades econ\u00f4micas do setor de Com\u00e9rcio apresentaram crescimento em 2024:<\/span><\/strong><\/li>\n<\/ul>\n<p class=\"p1\"><span class=\"s1\">Artigos farmac\u00eauticos, m\u00e9dicos, ortop\u00e9dicos, de perfumaria e cosm\u00e9ticos: 14,1%<\/span><\/p>\n<p class=\"p1\"><span class=\"s1\">M\u00f3veis e eletrodom\u00e9sticos: 12,5%<\/span><\/p>\n<p class=\"p1\"><span class=\"s1\">Tecidos, vestu\u00e1rio e cal\u00e7ados: 9,2%<\/span><\/p>\n<p class=\"p1\"><span class=\"s1\">Outros artigos de uso pessoal e dom\u00e9stico: 6,7%<\/span><\/p>\n<p class=\"p1\"><span class=\"s1\">Hipermercados, supermercados, produtos aliment\u00edcios, bebidas e fumo: 5,3%<\/span><\/p>\n<ul class=\"ul1\">\n<li class=\"li1\"><strong><span class=\"s1\">Apresentaram retra\u00e7\u00e3o:<\/span><\/strong><\/li>\n<\/ul>\n<p class=\"p1\"><span class=\"s1\">Equipamentos e materiais para escrit\u00f3rio, inform\u00e1tica e comunica\u00e7\u00e3o: -37,3%<\/span><\/p>\n<p class=\"p1\"><span class=\"s1\">Combust\u00edveis e lubrificantes: -0,3%<\/span><\/p>\n<ul class=\"ul1\">\n<li class=\"li1\"><strong><span class=\"s1\">No com\u00e9rcio varejista ampliado, destaque de crescimento para:<\/span><\/strong><\/li>\n<\/ul>\n<p class=\"p1\"><span class=\"s1\">Ve\u00edculos, motocicletas, partes e pe\u00e7as: 16,9%<\/span><\/p>\n<p class=\"p1\"><span class=\"s1\">Atacado especializado em produtos aliment\u00edcios, bebidas e fumo: 14,7%<\/span><\/p>\n<p class=\"p1\"><span class=\"s1\">Material de constru\u00e7\u00e3o: 2,4%<\/span><\/p>\n<ul class=\"ul1\">\n<li class=\"li1\"><strong><span class=\"s1\">Atividades do Setor de servi\u00e7os com crescimento <\/span><\/strong><\/li>\n<\/ul>\n<p class=\"p1\"><span class=\"s1\">Servi\u00e7os de informa\u00e7\u00e3o e comunica\u00e7\u00e3o: 13,7%<\/span><\/p>\n<p class=\"p1\"><span class=\"s1\">Servi\u00e7os profissionais, administrativos e complementares: 8,2%<\/span><\/p>\n","protected":false},"excerpt":{"rendered":"<p>Por Samanta Sallum\u00a0 Os setores de com\u00e9rcio de bens e de servi\u00e7os do Distrito Federal apresentaram um desempenho acima do esperado em 2024, superando a m\u00e9dia nacional. Segundo o balan\u00e7o anual divulgado pelo IBGE, o varejo da capital cresceu 5,8%, enquanto o setor de servi\u00e7os registrou alta de 5,1%. Ambos os \u00edndices s\u00e3o maiores que as m\u00e9dias nacionais, de 4,7% [&hellip;]<\/p>\n","protected":false},"author":125,"featured_media":18508,"comment_status":"open","ping_status":"open","sticky":false,"template":"","format":"standard","meta":{"footnotes":""},"categories":[6],"tags":[2778,336,408,144,734,1524,1040,454,1407,10,779],"class_list":["post-18503","post","type-post","status-publish","format-standard","has-post-thumbnail","hentry","category-coluna-capital-s-a","tag-bens","tag-consumo","tag-crescimento","tag-empregabilidade","tag-fecomercio-df","tag-ibge","tag-joseaparecidofreire","tag-servicos","tag-atacado","tag-comercio","tag-varejo"],"_links":{"self":[{"href":"https:\/\/blogs.correiobraziliense.com.br\/capital-sa\/wp-json\/wp\/v2\/posts\/18503","targetHints":{"allow":["GET"]}}],"collection":[{"href":"https:\/\/blogs.correiobraziliense.com.br\/capital-sa\/wp-json\/wp\/v2\/posts"}],"about":[{"href":"https:\/\/blogs.correiobraziliense.com.br\/capital-sa\/wp-json\/wp\/v2\/types\/post"}],"author":[{"embeddable":true,"href":"https:\/\/blogs.correiobraziliense.com.br\/capital-sa\/wp-json\/wp\/v2\/users\/125"}],"replies":[{"embeddable":true,"href":"https:\/\/blogs.correiobraziliense.com.br\/capital-sa\/wp-json\/wp\/v2\/comments?post=18503"}],"version-history":[{"count":7,"href":"https:\/\/blogs.correiobraziliense.com.br\/capital-sa\/wp-json\/wp\/v2\/posts\/18503\/revisions"}],"predecessor-version":[{"id":18518,"href":"https:\/\/blogs.correiobraziliense.com.br\/capital-sa\/wp-json\/wp\/v2\/posts\/18503\/revisions\/18518"}],"wp:featuredmedia":[{"embeddable":true,"href":"https:\/\/blogs.correiobraziliense.com.br\/capital-sa\/wp-json\/wp\/v2\/media\/18508"}],"wp:attachment":[{"href":"https:\/\/blogs.correiobraziliense.com.br\/capital-sa\/wp-json\/wp\/v2\/media?parent=18503"}],"wp:term":[{"taxonomy":"category","embeddable":true,"href":"https:\/\/blogs.correiobraziliense.com.br\/capital-sa\/wp-json\/wp\/v2\/categories?post=18503"},{"taxonomy":"post_tag","embeddable":true,"href":"https:\/\/blogs.correiobraziliense.com.br\/capital-sa\/wp-json\/wp\/v2\/tags?post=18503"}],"curies":[{"name":"wp","href":"https:\/\/api.w.org\/{rel}","templated":true}]}}