{"id":18496,"date":"2025-02-13T14:53:26","date_gmt":"2025-02-13T17:53:26","guid":{"rendered":"https:\/\/blogs.correiobraziliense.com.br\/capital-sa\/?p=18496"},"modified":"2025-02-17T13:09:34","modified_gmt":"2025-02-17T16:09:34","slug":"carnaval-do-df-se-destaca-no-ranking-nacional-de-faturamento","status":"publish","type":"post","link":"https:\/\/blogs.correiobraziliense.com.br\/capital-sa\/2025\/02\/13\/carnaval-do-df-se-destaca-no-ranking-nacional-de-faturamento\/","title":{"rendered":"Carnaval do DF se destaca no ranking nacional de faturamento"},"content":{"rendered":"<p class=\"p1\"><strong><span class=\"s1\">Por Samanta Sallum\u00a0<\/span><\/strong><\/p>\n<p class=\"p1\"><span class=\"s1\">O Distrito Federal est\u00e1 entre as 10 primeiras unidades da federa\u00e7\u00e3o com proje\u00e7\u00e3o de maior movimento financeiro no setor de atividades tur\u00edsticas durante o carnaval. A capital est\u00e1 em 9o lugar, \u00e0 frente de Cear\u00e1, Goi\u00e1s e Esp\u00edrito Santo, por exemplo.<\/span><\/p>\n<p class=\"p1\"><strong><span class=\"s1\">R$ 320 milh\u00f5es<br \/>\n<\/span><\/strong><\/p>\n<p class=\"p1\">\u00c9 o valor que o DF pode movimentar em atividades ligadas ao turismo neste pr\u00f3ximo carnaval. Um aumento de 1,5% em rela\u00e7\u00e3o a 2024. Na s\u00e9rie hist\u00f3rica, ser\u00e1 o segundo melhor ano, atr\u00e1s somente de 2015. A proje\u00e7\u00e3o \u00e9 de levantamento da Confedera\u00e7\u00e3o Nacional do Com\u00e9rcio de Bens, Servi\u00e7os e Turismo (CNC).<\/p>\n<p class=\"p1\"><strong><span class=\"s1\">Cadeia da economia criativa <\/span><\/strong><\/p>\n<p class=\"p1\"><span class=\"s1\">O volume financeiro a ser movimentado abrange setores como alimenta\u00e7\u00e3o fora de casa, transporte de passageiros e hospedagem, al\u00e9m de servi\u00e7os ligados \u00e0 produ\u00e7\u00e3o de eventos culturais, como contrata\u00e7\u00e3o de artistas, confec\u00e7\u00e3o de fantasias, aluguel de equipamentos, seguran\u00e7a privada e marketing, todas consideradas atividades do ramo da economia criativa.<\/span><\/p>\n<p class=\"p1\"><span class=\"s1\">O presidente do Sistema Fecom\u00e9rcio-DF, Jos\u00e9 Aparecido Freire, avalia que o crescimento da festa nos \u00faltimos anos tem destacado o potencial de Bras\u00edlia para o turismo. \u201cApesar de n\u00e3o sermos um tradicional destino para turistas no carrnaval, temos a capacidade de atrair e manter foli\u00f5es na cidade, celebrando nossa cultura e movimentando nossa economia\u201d, afirma. <\/span><\/p>\n<p class=\"p1\"><strong><span class=\"s1\">Foli\u00f5es de fora <\/span><\/strong><\/p>\n<p class=\"p1\"><span class=\"s1\">Ainda assim, de acordo com o IPE-DF, cerca de 10% dos foli\u00f5es s\u00e3o de fora do DF, sendo que a maioria \u00e9 de Goi\u00e1s e Minas Gerais, seguidos de S\u00e3o Paulo, Bahia e Rio de Janeiro.<\/span><\/p>\n<p><strong>Repasse do GDF a blocos:\u00a0<\/strong><strong>R$ 7,575 milh\u00f5es<\/strong><\/p>\n<p><strong>A<\/strong> Secretaria de Cultura e Economia Criativa do Distrito Federal (Secec-DF) divulgou no final de janeiro o resultado provis\u00f3rio do cadastro dos blocos de rua para DF Folia 2025. Foram selecionados 62 blocos e tr\u00eas territ\u00f3rios.<\/p>\n","protected":false},"excerpt":{"rendered":"<p>Por Samanta Sallum\u00a0 O Distrito Federal est\u00e1 entre as 10 primeiras unidades da federa\u00e7\u00e3o com proje\u00e7\u00e3o de maior movimento financeiro no setor de atividades tur\u00edsticas durante o carnaval. A capital est\u00e1 em 9o lugar, \u00e0 frente de Cear\u00e1, Goi\u00e1s e Esp\u00edrito Santo, por exemplo. R$ 320 milh\u00f5es \u00c9 o valor que o DF pode movimentar em atividades ligadas ao turismo [&hellip;]<\/p>\n","protected":false},"author":125,"featured_media":18502,"comment_status":"open","ping_status":"open","sticky":false,"template":"","format":"standard","meta":{"footnotes":""},"categories":[6],"tags":[597,876,275,408,960,1291,734,203,1040,543,333],"class_list":["post-18496","post","type-post","status-publish","format-standard","has-post-thumbnail","hentry","category-coluna-capital-s-a","tag-arrecadacao","tag-carnaval","tag-cnc","tag-crescimento","tag-economiacriativa","tag-faturamento","tag-fecomercio-df","tag-gdf","tag-joseaparecidofreire","tag-lazer","tag-turismo"],"_links":{"self":[{"href":"https:\/\/blogs.correiobraziliense.com.br\/capital-sa\/wp-json\/wp\/v2\/posts\/18496","targetHints":{"allow":["GET"]}}],"collection":[{"href":"https:\/\/blogs.correiobraziliense.com.br\/capital-sa\/wp-json\/wp\/v2\/posts"}],"about":[{"href":"https:\/\/blogs.correiobraziliense.com.br\/capital-sa\/wp-json\/wp\/v2\/types\/post"}],"author":[{"embeddable":true,"href":"https:\/\/blogs.correiobraziliense.com.br\/capital-sa\/wp-json\/wp\/v2\/users\/125"}],"replies":[{"embeddable":true,"href":"https:\/\/blogs.correiobraziliense.com.br\/capital-sa\/wp-json\/wp\/v2\/comments?post=18496"}],"version-history":[{"count":6,"href":"https:\/\/blogs.correiobraziliense.com.br\/capital-sa\/wp-json\/wp\/v2\/posts\/18496\/revisions"}],"predecessor-version":[{"id":18520,"href":"https:\/\/blogs.correiobraziliense.com.br\/capital-sa\/wp-json\/wp\/v2\/posts\/18496\/revisions\/18520"}],"wp:featuredmedia":[{"embeddable":true,"href":"https:\/\/blogs.correiobraziliense.com.br\/capital-sa\/wp-json\/wp\/v2\/media\/18502"}],"wp:attachment":[{"href":"https:\/\/blogs.correiobraziliense.com.br\/capital-sa\/wp-json\/wp\/v2\/media?parent=18496"}],"wp:term":[{"taxonomy":"category","embeddable":true,"href":"https:\/\/blogs.correiobraziliense.com.br\/capital-sa\/wp-json\/wp\/v2\/categories?post=18496"},{"taxonomy":"post_tag","embeddable":true,"href":"https:\/\/blogs.correiobraziliense.com.br\/capital-sa\/wp-json\/wp\/v2\/tags?post=18496"}],"curies":[{"name":"wp","href":"https:\/\/api.w.org\/{rel}","templated":true}]}}