{"id":18488,"date":"2025-02-12T17:47:23","date_gmt":"2025-02-12T20:47:23","guid":{"rendered":"https:\/\/blogs.correiobraziliense.com.br\/capital-sa\/?p=18488"},"modified":"2025-02-17T12:50:39","modified_gmt":"2025-02-17T15:50:39","slug":"lider-do-setor-atacadista-e-eleito-presidente-da-unecs","status":"publish","type":"post","link":"https:\/\/blogs.correiobraziliense.com.br\/capital-sa\/2025\/02\/12\/lider-do-setor-atacadista-e-eleito-presidente-da-unecs\/","title":{"rendered":"L\u00edder do setor atacadista \u00e9 eleito presidente da UNECs"},"content":{"rendered":"<p class=\"p1\"><span class=\"s1\"><em>Em assembleia realizada hoje, em Brasilia, os presidentes que comp\u00f5em a entidade elegeram, por consenso, Leonardo Miguel Severini<\/em> <\/span><\/p>\n<p class=\"p1\"><strong><span class=\"s1\">Por Samanta Sallum <\/span><\/strong><\/p>\n<p class=\"p1\"><span class=\"s1\">O presidente da Associa\u00e7\u00e3o Brasileira de Atacadistas e Distribuidores, Leonardo Miguel Severini, foi eleito presidente da Unecs \u2013 Uni\u00e3o Nacional de Entidades do Com\u00e9rcio e Servi\u00e7os \u2013 para o bi\u00eanio 2025\/2026, nesta quarta-feira, dia 12, em Bras\u00edlia. A candidatura \u00fanica, homologada em dezembro, foi aclamada pelos demais membros das entidades que comp\u00f5em a Unecs, em assembleia h\u00edbrida (presencial e virtual).<br \/>\n<\/span><\/p>\n<p class=\"p1\"><span class=\"s1\">Leonardo assume a presid\u00eancia da Unecs com o compromisso de fortalecer o setor de com\u00e9rcio e servi\u00e7os, promovendo a competitividade e a defesa de um ambiente de neg\u00f3cios mais favor\u00e1vel ao crescimento econ\u00f4mico.\u00a0Fazem parte da Unecs, atualmente, as seguintes entidades: ABAD, ABRAS, ABRASEL, AFRAC, ANAMACO, CACB, CNDL e GS1 Brasil.<\/span><\/p>\n<p>A data da cerim\u00f4nia de posse ser\u00e1 no dia 12 de mar\u00e7o, a partir das 19h, no CICB &#8211; Centro Internacional de Conven\u00e7\u00f5es Brasil, em Bras\u00edlia, DF. No mesmo dia, acontece, tamb\u00e9m, a posse da nova diretoria executiva da FCS &#8211; Frente Parlamentar de Com\u00e9rcio e Servi\u00e7os, que ter\u00e1 como presidente o deputado Domingos S\u00e1vio, pela C\u00e2mara dos Deputados, e do senador Efraim Filho, pelo Senado Federal.<\/p>\n<p><strong>Di\u00e1logo com Poder P\u00fablico\u00a0<\/strong><\/p>\n<p class=\"p1\"><span class=\"s1\">&#8220;\u00c9 uma grande honra assumir a presid\u00eancia da Unecs. O setor de com\u00e9rcio e servi\u00e7os \u00e9 um dos grandes motores da economia brasileira, respons\u00e1vel por gerar empregos, impulsionar o consumo e fortalecer o desenvolvimento do pa\u00eds. A uni\u00e3o e o di\u00e1logo com o poder p\u00fablico e demais stakeholders ser\u00e3o fundamentais para avan\u00e7armos em pautas estrat\u00e9gicas. Agrade\u00e7o a confian\u00e7a de todos os membros da Unecs&#8221;, disse ao blog.<\/span><\/p>\n<p class=\"p1\"><span class=\"s1\">Fundada em 2014, a UNECS conta com a ABAD como uma das associa\u00e7\u00f5es fundadoras. Sua miss\u00e3o \u00e9 promover a\u00e7\u00f5es estrat\u00e9gicas em defesa do setor de com\u00e9rcio e servi\u00e7os, respons\u00e1vel por mais de 65% do PIB brasileiro.<\/span><\/p>\n<p class=\"p1\"><span class=\"s1\">Integrante da diretoria da ABAD desde 2013, Leonardo assumiu a presid\u00eancia da associa\u00e7\u00e3o em janeiro de 2021 para o bi\u00eanio 2021\/2022, bi\u00eanio 2023\/2024 e agora 2025\/2026. <\/span><\/p>\n","protected":false},"excerpt":{"rendered":"<p>Em assembleia realizada hoje, em Brasilia, os presidentes que comp\u00f5em a entidade elegeram, por consenso, Leonardo Miguel Severini Por Samanta Sallum O presidente da Associa\u00e7\u00e3o Brasileira de Atacadistas e Distribuidores, Leonardo Miguel Severini, foi eleito presidente da Unecs \u2013 Uni\u00e3o Nacional de Entidades do Com\u00e9rcio e Servi\u00e7os \u2013 para o bi\u00eanio 2025\/2026, nesta quarta-feira, dia 12, em Bras\u00edlia. A candidatura [&hellip;]<\/p>\n","protected":false},"author":125,"featured_media":18491,"comment_status":"open","ping_status":"open","sticky":false,"template":"","format":"standard","meta":{"footnotes":""},"categories":[6],"tags":[562,1827,712,2571,1281,2775,1050,408,2777,276,855,2776,1128,2352,2018,1277,10,7],"class_list":["post-18488","post","type-post","status-publish","format-standard","has-post-thumbnail","hentry","category-coluna-capital-s-a","tag-abad","tag-abras","tag-abrasel","tag-afrac","tag-anamaco","tag-cabc","tag-cndl","tag-crescimento","tag-domingossavio-efraimfilho","tag-economia","tag-eleicao","tag-gs1brasi","tag-leonardomiguelseverini","tag-servico","tag-setoratacadista","tag-unecs","tag-comercio","tag-pib"],"_links":{"self":[{"href":"https:\/\/blogs.correiobraziliense.com.br\/capital-sa\/wp-json\/wp\/v2\/posts\/18488","targetHints":{"allow":["GET"]}}],"collection":[{"href":"https:\/\/blogs.correiobraziliense.com.br\/capital-sa\/wp-json\/wp\/v2\/posts"}],"about":[{"href":"https:\/\/blogs.correiobraziliense.com.br\/capital-sa\/wp-json\/wp\/v2\/types\/post"}],"author":[{"embeddable":true,"href":"https:\/\/blogs.correiobraziliense.com.br\/capital-sa\/wp-json\/wp\/v2\/users\/125"}],"replies":[{"embeddable":true,"href":"https:\/\/blogs.correiobraziliense.com.br\/capital-sa\/wp-json\/wp\/v2\/comments?post=18488"}],"version-history":[{"count":7,"href":"https:\/\/blogs.correiobraziliense.com.br\/capital-sa\/wp-json\/wp\/v2\/posts\/18488\/revisions"}],"predecessor-version":[{"id":18516,"href":"https:\/\/blogs.correiobraziliense.com.br\/capital-sa\/wp-json\/wp\/v2\/posts\/18488\/revisions\/18516"}],"wp:featuredmedia":[{"embeddable":true,"href":"https:\/\/blogs.correiobraziliense.com.br\/capital-sa\/wp-json\/wp\/v2\/media\/18491"}],"wp:attachment":[{"href":"https:\/\/blogs.correiobraziliense.com.br\/capital-sa\/wp-json\/wp\/v2\/media?parent=18488"}],"wp:term":[{"taxonomy":"category","embeddable":true,"href":"https:\/\/blogs.correiobraziliense.com.br\/capital-sa\/wp-json\/wp\/v2\/categories?post=18488"},{"taxonomy":"post_tag","embeddable":true,"href":"https:\/\/blogs.correiobraziliense.com.br\/capital-sa\/wp-json\/wp\/v2\/tags?post=18488"}],"curies":[{"name":"wp","href":"https:\/\/api.w.org\/{rel}","templated":true}]}}