{"id":18458,"date":"2025-02-12T11:18:33","date_gmt":"2025-02-12T14:18:33","guid":{"rendered":"https:\/\/blogs.correiobraziliense.com.br\/capital-sa\/?p=18458"},"modified":"2025-02-12T14:22:03","modified_gmt":"2025-02-12T17:22:03","slug":"cupula-luso-brasileira-une-negocios-e-cultura","status":"publish","type":"post","link":"https:\/\/blogs.correiobraziliense.com.br\/capital-sa\/2025\/02\/12\/cupula-luso-brasileira-une-negocios-e-cultura\/","title":{"rendered":"C\u00fapula Luso-Brasileira une neg\u00f3cios e cultura"},"content":{"rendered":"<p><strong>Por Samanta Sallum\u00a0<\/strong><\/p>\n<p class=\"p1\">O primeiro-ministro de Portugal, Lu\u00eds Montenegro, em visita ao Brasil, por ocasi\u00e3o da C\u00fapula Luso-Brasileira, far\u00e1 a abertura oficial da exposi\u00e7\u00e3o \u2018Joana Vasconcelos: Fascina\u00e7\u00e3o\u2019, no pr\u00f3ximo dia 19 de fevereiro, \u00e0s 19h, em cerim\u00f4nia para convidados, na Embaixada de Portugal.<\/p>\n<p class=\"p1\">A comitiva inclui o ministro de Estado e Neg\u00f3cios Estrangeiros, Paulo Rangel, e a ministra da Cultura, Dalila Rodrigues. O primeiro-ministro destacar\u00e1 a relev\u00e2ncia de Joana Vasconcelos para a arte contempor\u00e2nea na Europa.<\/p>\n<p class=\"p1\">A exposi\u00e7\u00e3o poder\u00e1 ser vista at\u00e9 outubro. No dia 20, Joana Vasconcelos far\u00e1 uma conversa com o p\u00fablico sobre sua obra.<\/p>\n","protected":false},"excerpt":{"rendered":"<p>Por Samanta Sallum\u00a0 O primeiro-ministro de Portugal, Lu\u00eds Montenegro, em visita ao Brasil, por ocasi\u00e3o da C\u00fapula Luso-Brasileira, far\u00e1 a abertura oficial da exposi\u00e7\u00e3o \u2018Joana Vasconcelos: Fascina\u00e7\u00e3o\u2019, no pr\u00f3ximo dia 19 de fevereiro, \u00e0s 19h, em cerim\u00f4nia para convidados, na Embaixada de Portugal. A comitiva inclui o ministro de Estado e Neg\u00f3cios Estrangeiros, Paulo Rangel, e a ministra da Cultura, [&hellip;]<\/p>\n","protected":false},"author":125,"featured_media":18461,"comment_status":"open","ping_status":"open","sticky":false,"template":"","format":"standard","meta":{"footnotes":""},"categories":[6],"tags":[2770,2769,271,2766,2767,2768],"class_list":["post-18458","post","type-post","status-publish","format-standard","has-post-thumbnail","hentry","category-coluna-capital-s-a","tag-artecontemporanea","tag-dalilarodrigues","tag-exposicao","tag-joanavasconcelos","tag-luismontenegro","tag-paulorangel"],"_links":{"self":[{"href":"https:\/\/blogs.correiobraziliense.com.br\/capital-sa\/wp-json\/wp\/v2\/posts\/18458","targetHints":{"allow":["GET"]}}],"collection":[{"href":"https:\/\/blogs.correiobraziliense.com.br\/capital-sa\/wp-json\/wp\/v2\/posts"}],"about":[{"href":"https:\/\/blogs.correiobraziliense.com.br\/capital-sa\/wp-json\/wp\/v2\/types\/post"}],"author":[{"embeddable":true,"href":"https:\/\/blogs.correiobraziliense.com.br\/capital-sa\/wp-json\/wp\/v2\/users\/125"}],"replies":[{"embeddable":true,"href":"https:\/\/blogs.correiobraziliense.com.br\/capital-sa\/wp-json\/wp\/v2\/comments?post=18458"}],"version-history":[{"count":4,"href":"https:\/\/blogs.correiobraziliense.com.br\/capital-sa\/wp-json\/wp\/v2\/posts\/18458\/revisions"}],"predecessor-version":[{"id":18473,"href":"https:\/\/blogs.correiobraziliense.com.br\/capital-sa\/wp-json\/wp\/v2\/posts\/18458\/revisions\/18473"}],"wp:featuredmedia":[{"embeddable":true,"href":"https:\/\/blogs.correiobraziliense.com.br\/capital-sa\/wp-json\/wp\/v2\/media\/18461"}],"wp:attachment":[{"href":"https:\/\/blogs.correiobraziliense.com.br\/capital-sa\/wp-json\/wp\/v2\/media?parent=18458"}],"wp:term":[{"taxonomy":"category","embeddable":true,"href":"https:\/\/blogs.correiobraziliense.com.br\/capital-sa\/wp-json\/wp\/v2\/categories?post=18458"},{"taxonomy":"post_tag","embeddable":true,"href":"https:\/\/blogs.correiobraziliense.com.br\/capital-sa\/wp-json\/wp\/v2\/tags?post=18458"}],"curies":[{"name":"wp","href":"https:\/\/api.w.org\/{rel}","templated":true}]}}