{"id":18454,"date":"2025-02-12T11:10:31","date_gmt":"2025-02-12T14:10:31","guid":{"rendered":"https:\/\/blogs.correiobraziliense.com.br\/capital-sa\/?p=18454"},"modified":"2025-02-12T14:16:48","modified_gmt":"2025-02-12T17:16:48","slug":"carnaval-vai-gerar-mais-de-30-mil-empregos-temporarios","status":"publish","type":"post","link":"https:\/\/blogs.correiobraziliense.com.br\/capital-sa\/2025\/02\/12\/carnaval-vai-gerar-mais-de-30-mil-empregos-temporarios\/","title":{"rendered":"Carnaval vai gerar mais de 30 mil empregos tempor\u00e1rios"},"content":{"rendered":"<p class=\"p2\"><strong>Por Samanta Sallum\u00a0<\/strong><\/p>\n<p class=\"p2\"><span class=\"s1\">As proje\u00e7\u00f5es econ\u00f4micas apontam que o carnaval deste ano ser\u00e1 o melhor para o com\u00e9rcio e atividades tur\u00edsticas desde 2015. A Confedera\u00e7\u00e3o Nacional do Com\u00e9rcio de Bens, Servi\u00e7os e Turismo (CNC) estima que o movimento seja de R$ 12,03 bilh\u00f5es em receitas, um aumento real de 2,1% em rela\u00e7\u00e3o ao mesmo per\u00edodo de 2024, j\u00e1 descontada a infla\u00e7\u00e3o. Esse crescimento est\u00e1 diretamente relacionado ao avan\u00e7o no n\u00famero de turistas estrangeiros. A previs\u00e3o \u00e9 de que sejam criados 32,6 mil empregos tempor\u00e1rios no pa\u00eds.<\/span><\/p>\n<p class=\"p2\"><span class=\"s1\">O setor de bares e restaurantes oferecer\u00e1 o maior n\u00famero de postos (22,85 mil), seguido por hot\u00e9is, pousadas e similares (4,06 mil) e empresas de transporte (3,31 mil).<\/span><\/p>\n<p class=\"p2\"><strong><span class=\"s2\">Segmentos beneficiados <\/span><\/strong><\/p>\n<p class=\"p2\"><span class=\"s1\">Os gastos dos turistas em bares e restaurantes dever\u00e3o liderar as receitas do carnaval, com proje\u00e7\u00e3o de R$ 5,4 bilh\u00f5es, seguidos pelos servi\u00e7os de transporte de passageiros (R$ 3,31 bilh\u00f5es) e hospedagem (R$ 1,28 bilh\u00e3o). Esses segmentos somados representar\u00e3o 83% do total gerado pelo turismo no per\u00edodo.<\/span><\/p>\n<p class=\"p2\"><strong><em><span class=\"s2\">C\u00e2mbio favor\u00e1vel\u00a0<\/span><\/em><\/strong><\/p>\n<p class=\"p2\"><span class=\"s1\">A desvaloriza\u00e7\u00e3o do real ante o d\u00f3lar tem colocado o Brasil no radar dos viajantes internacionais. Em 2024, o pa\u00eds alcan\u00e7ou n\u00fameros recordes, com 6,66 milh\u00f5es de turistas estrangeiros, segundo dados da Embratur. A receita acumulada do turismo no ano passado tamb\u00e9m foi hist\u00f3rica, chegando a US$ 7,34 bilh\u00f5es.<\/span><\/p>\n","protected":false},"excerpt":{"rendered":"<p>Por Samanta Sallum\u00a0 As proje\u00e7\u00f5es econ\u00f4micas apontam que o carnaval deste ano ser\u00e1 o melhor para o com\u00e9rcio e atividades tur\u00edsticas desde 2015. A Confedera\u00e7\u00e3o Nacional do Com\u00e9rcio de Bens, Servi\u00e7os e Turismo (CNC) estima que o movimento seja de R$ 12,03 bilh\u00f5es em receitas, um aumento real de 2,1% em rela\u00e7\u00e3o ao mesmo per\u00edodo de 2024, j\u00e1 descontada a [&hellip;]<\/p>\n","protected":false},"author":125,"featured_media":18457,"comment_status":"open","ping_status":"open","sticky":false,"template":"","format":"standard","meta":{"footnotes":""},"categories":[6],"tags":[221,876,275,408,276,1817,649,222,2765,333,10,782],"class_list":["post-18454","post","type-post","status-publish","format-standard","has-post-thumbnail","hentry","category-coluna-capital-s-a","tag-bares","tag-carnaval","tag-cnc","tag-crescimento","tag-economia","tag-folia","tag-hoteis","tag-restaurantes","tag-transportes","tag-turismo","tag-comercio","tag-emprego"],"_links":{"self":[{"href":"https:\/\/blogs.correiobraziliense.com.br\/capital-sa\/wp-json\/wp\/v2\/posts\/18454","targetHints":{"allow":["GET"]}}],"collection":[{"href":"https:\/\/blogs.correiobraziliense.com.br\/capital-sa\/wp-json\/wp\/v2\/posts"}],"about":[{"href":"https:\/\/blogs.correiobraziliense.com.br\/capital-sa\/wp-json\/wp\/v2\/types\/post"}],"author":[{"embeddable":true,"href":"https:\/\/blogs.correiobraziliense.com.br\/capital-sa\/wp-json\/wp\/v2\/users\/125"}],"replies":[{"embeddable":true,"href":"https:\/\/blogs.correiobraziliense.com.br\/capital-sa\/wp-json\/wp\/v2\/comments?post=18454"}],"version-history":[{"count":4,"href":"https:\/\/blogs.correiobraziliense.com.br\/capital-sa\/wp-json\/wp\/v2\/posts\/18454\/revisions"}],"predecessor-version":[{"id":18471,"href":"https:\/\/blogs.correiobraziliense.com.br\/capital-sa\/wp-json\/wp\/v2\/posts\/18454\/revisions\/18471"}],"wp:featuredmedia":[{"embeddable":true,"href":"https:\/\/blogs.correiobraziliense.com.br\/capital-sa\/wp-json\/wp\/v2\/media\/18457"}],"wp:attachment":[{"href":"https:\/\/blogs.correiobraziliense.com.br\/capital-sa\/wp-json\/wp\/v2\/media?parent=18454"}],"wp:term":[{"taxonomy":"category","embeddable":true,"href":"https:\/\/blogs.correiobraziliense.com.br\/capital-sa\/wp-json\/wp\/v2\/categories?post=18454"},{"taxonomy":"post_tag","embeddable":true,"href":"https:\/\/blogs.correiobraziliense.com.br\/capital-sa\/wp-json\/wp\/v2\/tags?post=18454"}],"curies":[{"name":"wp","href":"https:\/\/api.w.org\/{rel}","templated":true}]}}