{"id":18434,"date":"2025-02-10T14:18:51","date_gmt":"2025-02-10T17:18:51","guid":{"rendered":"https:\/\/blogs.correiobraziliense.com.br\/capital-sa\/?p=18434"},"modified":"2025-02-10T15:43:02","modified_gmt":"2025-02-10T18:43:02","slug":"gdf-proibe-atacadao-e-quadras-de-tenis-devem-ser-realocadas-no-mane-garrincha","status":"publish","type":"post","link":"https:\/\/blogs.correiobraziliense.com.br\/capital-sa\/2025\/02\/10\/gdf-proibe-atacadao-e-quadras-de-tenis-devem-ser-realocadas-no-mane-garrincha\/","title":{"rendered":"GDF pro\u00edbe atacad\u00e3o no Man\u00e9 Garrincha, e quadras de t\u00eanis devem ser realocadas"},"content":{"rendered":"<p><em>O DF Legal fez uma vistoria em todos os camarotes que a concession\u00e1ria alugou para empresas e entidades e fez um relat\u00f3rio sobre atividades irregulares\u00a0<\/em><\/p>\n<p class=\"p1\"><strong>Por Samanta Sallum<\/strong><\/p>\n<p class=\"p1\"><span class=\"s1\">O Grupo de Trabalho criado pelo GDF para fiscalizar e definir diretrizes de uso das instala\u00e7\u00f5es do est\u00e1dio Man\u00e9 Garrincha e do seu entorno fez as seguintes determina\u00e7\u00f5es ao cons\u00f3rcio que tem o direito de explorar comercialmente o espa\u00e7o:<\/span><\/p>\n<ul class=\"ul1\">\n<li class=\"li1\"><span class=\"s1\">A constru\u00e7\u00e3o iniciada na \u00e1rea externa pr\u00f3xima aos estacionamentos n\u00e3o poder\u00e1 ser destinada a um atacad\u00e3o. A constru\u00e7\u00e3o poder\u00e1 seguir adiante, pois j\u00e1 estava prevista no plano original de ocupa\u00e7\u00e3o, na \u00e9poca de licita\u00e7\u00e3o para a terceiriza\u00e7\u00e3o do est\u00e1dio. No entanto, s\u00f3 poder\u00e1 ser usada para atividades de lazer, esporte e cultura ou complementares como bares e restaurantes. <\/span><\/li>\n<li class=\"li1\"><span class=\"s1\">As quadras de t\u00eanis devem ser realocadas. N\u00e3o poder\u00e3o permanecer na \u00e1rea em que est\u00e3o, devendo ser transferidas para local mais adequado.<\/span><\/li>\n<li class=\"li1\"><span class=\"s1\">A pista de Kart n\u00e3o poder\u00e1 ser fixa. Apenas pode estar em opera\u00e7\u00e3o em per\u00edodos determinados, como o de f\u00e9rias escolares.<\/span><\/li>\n<li class=\"li1\"><span class=\"s1\">Camarotes do est\u00e1dio n\u00e3o podem ser usados para atividades n\u00e3o relacionadas ao escopo, como cl\u00ednicas de est\u00e9tica. Escrit\u00f3rios de advocacia podem alugar os camarotes apenas para realiza\u00e7\u00e3o de eventos, e n\u00e3o como suas sedes administrativas. Imobili\u00e1rias e corretoras tamb\u00e9m n\u00e3o est\u00e3o regulares. O DF Legal fez uma vistoria em todos os camarotes que a concession\u00e1ria alugou para empresas e entidades e fez um relat\u00f3rio das atividades que n\u00e3o se adequam \u00e0 legisla\u00e7\u00e3o.\u00a0<\/span><\/li>\n<\/ul>\n<blockquote>\n<p class=\"p1\"><span class=\"s1\">\u201cO uso daquela \u00e1rea para um atacad\u00e3o n\u00e3o \u00e9 permitido pelo PPCUB. Ap\u00f3s analisarmos com cuidado toda a ocupa\u00e7\u00e3o do est\u00e1dio, tomamos as medidas necess\u00e1rias\u201d, afirmou ao blog o secret\u00e1rio de Estado da Casa Civil do GDF, Gustavo Rocha. Ele \u00e9 o coordenador do GT do est\u00e1dio.<\/span><\/p>\n<\/blockquote>\n<p><strong>O que diz o relat\u00f3rio do GT:<\/strong><\/p>\n<p>\u201cAs obras de instala\u00e7\u00e3o do boulevard est\u00e3o, em princ\u00edpio, regulares, dentro dos par\u00e2metros previstos no projeto original, mas o seu uso deve observar o Masterplan aprovado e a legisla\u00e7\u00e3o aplic\u00e1vel (PPCUB). O projeto apresentado pela concession\u00e1ria para ocupa\u00e7\u00e3o da \u00e1rea ficou caracterizado como de um atacad\u00e3o, o que n\u00e3o foi previsto no projeto original, e o seu uso n\u00e3o \u00e9 permitido pelo PPCUB.\u201d<\/p>\n<p>&nbsp;<\/p>\n","protected":false},"excerpt":{"rendered":"<p>O DF Legal fez uma vistoria em todos os camarotes que a concession\u00e1ria alugou para empresas e entidades e fez um relat\u00f3rio sobre atividades irregulares\u00a0 Por Samanta Sallum O Grupo de Trabalho criado pelo GDF para fiscalizar e definir diretrizes de uso das instala\u00e7\u00f5es do est\u00e1dio Man\u00e9 Garrincha e do seu entorno fez as seguintes determina\u00e7\u00f5es ao cons\u00f3rcio que tem [&hellip;]<\/p>\n","protected":false},"author":125,"featured_media":18438,"comment_status":"open","ping_status":"open","sticky":false,"template":"","format":"standard","meta":{"footnotes":""},"categories":[6],"tags":[1346,2762,2761,2763,276,979,2764,203,2513,543,980,2688,568],"class_list":["post-18434","post","type-post","status-publish","format-standard","has-post-thumbnail","hentry","category-coluna-capital-s-a","tag-advocacia","tag-atacadao","tag-atacadista","tag-dflegal","tag-economia","tag-estadio","tag-estetica","tag-gdf","tag-gustavorocha","tag-lazer","tag-manegarrincha","tag-planejamento","tag-ppcub"],"_links":{"self":[{"href":"https:\/\/blogs.correiobraziliense.com.br\/capital-sa\/wp-json\/wp\/v2\/posts\/18434","targetHints":{"allow":["GET"]}}],"collection":[{"href":"https:\/\/blogs.correiobraziliense.com.br\/capital-sa\/wp-json\/wp\/v2\/posts"}],"about":[{"href":"https:\/\/blogs.correiobraziliense.com.br\/capital-sa\/wp-json\/wp\/v2\/types\/post"}],"author":[{"embeddable":true,"href":"https:\/\/blogs.correiobraziliense.com.br\/capital-sa\/wp-json\/wp\/v2\/users\/125"}],"replies":[{"embeddable":true,"href":"https:\/\/blogs.correiobraziliense.com.br\/capital-sa\/wp-json\/wp\/v2\/comments?post=18434"}],"version-history":[{"count":18,"href":"https:\/\/blogs.correiobraziliense.com.br\/capital-sa\/wp-json\/wp\/v2\/posts\/18434\/revisions"}],"predecessor-version":[{"id":18453,"href":"https:\/\/blogs.correiobraziliense.com.br\/capital-sa\/wp-json\/wp\/v2\/posts\/18434\/revisions\/18453"}],"wp:featuredmedia":[{"embeddable":true,"href":"https:\/\/blogs.correiobraziliense.com.br\/capital-sa\/wp-json\/wp\/v2\/media\/18438"}],"wp:attachment":[{"href":"https:\/\/blogs.correiobraziliense.com.br\/capital-sa\/wp-json\/wp\/v2\/media?parent=18434"}],"wp:term":[{"taxonomy":"category","embeddable":true,"href":"https:\/\/blogs.correiobraziliense.com.br\/capital-sa\/wp-json\/wp\/v2\/categories?post=18434"},{"taxonomy":"post_tag","embeddable":true,"href":"https:\/\/blogs.correiobraziliense.com.br\/capital-sa\/wp-json\/wp\/v2\/tags?post=18434"}],"curies":[{"name":"wp","href":"https:\/\/api.w.org\/{rel}","templated":true}]}}