{"id":18409,"date":"2025-02-04T10:05:29","date_gmt":"2025-02-04T13:05:29","guid":{"rendered":"https:\/\/blogs.correiobraziliense.com.br\/capital-sa\/?p=18409"},"modified":"2025-02-04T12:31:53","modified_gmt":"2025-02-04T15:31:53","slug":"parceria-entre-oab-e-sebrae-para-apoiar-advogados-empreendedores","status":"publish","type":"post","link":"https:\/\/blogs.correiobraziliense.com.br\/capital-sa\/2025\/02\/04\/parceria-entre-oab-e-sebrae-para-apoiar-advogados-empreendedores\/","title":{"rendered":"Parceria entre OAB e Sebrae para apoiar advogados empreendedores"},"content":{"rendered":"<p><em>Seccional do DF ter\u00e1 comiss\u00e3o de pequenas empresas e startups\u00a0<\/em><\/p>\n<p class=\"p1\"><strong>Por Samanta Sallum\u00a0<\/strong><\/p>\n<p class=\"p1\"><span class=\"s1\">O presidente da seccional do Distrito Federal da Ordem dos Advogados do Brasil (OAB\/DF), Paulo Maur\u00edcio Siqueira, e o diretor de Integridade, In\u00e1cio Alencastro, se reuniram com o presidente do Sebrae Nacional, D\u00e9cio Lima. Na pauta, futuras parcerias voltadas \u00e0 forma\u00e7\u00e3o continuada dos profissionais da advocacia como empreendedores, al\u00e9m de criar oportunidades para jovens advogados.<br \/>\n<\/span><\/p>\n<p class=\"p1\"><span class=\"s1\">O objetivo \u00e9 capacitar esses profissionais para a gest\u00e3o de seus pr\u00f3prios escrit\u00f3rios e para o atendimento jur\u00eddico a pequenos neg\u00f3cios. Pelo Sebrae Nacional, tamb\u00e9m participaram da reuni\u00e3o o gerente jur\u00eddico, Thiago Bouza, e a gerente jur\u00eddica adjunta, Larissa Costa.<\/span><\/p>\n<p class=\"p1\"><span class=\"s1\">Al\u00e9m da<span class=\"Apple-converted-space\">\u00a0<\/span>formata\u00e7\u00e3o de um projeto conjunto entre Sebrae e OAB\/DF, Paulo Maur\u00edcio anunciou a cria\u00e7\u00e3o da Comiss\u00e3o de Pequenas Empresas e Startups dentro da seccional.<\/span><\/p>\n<p class=\"p1\"><span class=\"s1\">\u201cQueremos<span class=\"Apple-converted-space\">\u00a0<\/span>fortalecer a assist\u00eancia jur\u00eddica aos microempreendedores, proporcionar novas oportunidades para os advogados e ampliar as frentes de atua\u00e7\u00e3o da advocacia, promovendo qualifica\u00e7\u00e3o e suporte para o desenvolvimento profissional da classe\u201d, destacou.<\/span><\/p>\n","protected":false},"excerpt":{"rendered":"<p>Seccional do DF ter\u00e1 comiss\u00e3o de pequenas empresas e startups\u00a0 Por Samanta Sallum\u00a0 O presidente da seccional do Distrito Federal da Ordem dos Advogados do Brasil (OAB\/DF), Paulo Maur\u00edcio Siqueira, e o diretor de Integridade, In\u00e1cio Alencastro, se reuniram com o presidente do Sebrae Nacional, D\u00e9cio Lima. Na pauta, futuras parcerias voltadas \u00e0 forma\u00e7\u00e3o continuada dos profissionais da advocacia como [&hellip;]<\/p>\n","protected":false},"author":125,"featured_media":18412,"comment_status":"open","ping_status":"open","sticky":false,"template":"","format":"standard","meta":{"footnotes":""},"categories":[6],"tags":[2758,457,2294,2759,2755,2757,1446,2753,756,2754,1824,2756,2,50],"class_list":["post-18409","post","type-post","status-publish","format-standard","has-post-thumbnail","hentry","category-coluna-capital-s-a","tag-assistenciajuridica","tag-capacitacao","tag-deciolima","tag-formacaocontinuada","tag-inacioalencastro","tag-larissacosta","tag-microepequenasempresas","tag-oab","tag-parceria","tag-paulomauriciosiqueira","tag-sebraenacional","tag-thiagobouza","tag-empreendedorismo","tag-sebrae"],"_links":{"self":[{"href":"https:\/\/blogs.correiobraziliense.com.br\/capital-sa\/wp-json\/wp\/v2\/posts\/18409","targetHints":{"allow":["GET"]}}],"collection":[{"href":"https:\/\/blogs.correiobraziliense.com.br\/capital-sa\/wp-json\/wp\/v2\/posts"}],"about":[{"href":"https:\/\/blogs.correiobraziliense.com.br\/capital-sa\/wp-json\/wp\/v2\/types\/post"}],"author":[{"embeddable":true,"href":"https:\/\/blogs.correiobraziliense.com.br\/capital-sa\/wp-json\/wp\/v2\/users\/125"}],"replies":[{"embeddable":true,"href":"https:\/\/blogs.correiobraziliense.com.br\/capital-sa\/wp-json\/wp\/v2\/comments?post=18409"}],"version-history":[{"count":4,"href":"https:\/\/blogs.correiobraziliense.com.br\/capital-sa\/wp-json\/wp\/v2\/posts\/18409\/revisions"}],"predecessor-version":[{"id":18414,"href":"https:\/\/blogs.correiobraziliense.com.br\/capital-sa\/wp-json\/wp\/v2\/posts\/18409\/revisions\/18414"}],"wp:featuredmedia":[{"embeddable":true,"href":"https:\/\/blogs.correiobraziliense.com.br\/capital-sa\/wp-json\/wp\/v2\/media\/18412"}],"wp:attachment":[{"href":"https:\/\/blogs.correiobraziliense.com.br\/capital-sa\/wp-json\/wp\/v2\/media?parent=18409"}],"wp:term":[{"taxonomy":"category","embeddable":true,"href":"https:\/\/blogs.correiobraziliense.com.br\/capital-sa\/wp-json\/wp\/v2\/categories?post=18409"},{"taxonomy":"post_tag","embeddable":true,"href":"https:\/\/blogs.correiobraziliense.com.br\/capital-sa\/wp-json\/wp\/v2\/tags?post=18409"}],"curies":[{"name":"wp","href":"https:\/\/api.w.org\/{rel}","templated":true}]}}