{"id":18393,"date":"2025-02-03T08:17:58","date_gmt":"2025-02-03T11:17:58","guid":{"rendered":"https:\/\/blogs.correiobraziliense.com.br\/capital-sa\/?p=18393"},"modified":"2025-02-03T12:12:54","modified_gmt":"2025-02-03T15:12:54","slug":"alckmin-assiste-julia-lemmertz-em-brasilia","status":"publish","type":"post","link":"https:\/\/blogs.correiobraziliense.com.br\/capital-sa\/2025\/02\/03\/alckmin-assiste-julia-lemmertz-em-brasilia\/","title":{"rendered":"Alckmin assiste a J\u00falia Lemmertz em Bras\u00edlia"},"content":{"rendered":"<p><strong>Por Samanta Sallum\u00a0<\/strong><\/p>\n<p class=\"p1\"><span class=\"s1\">O Teatro Sesc Silvio Barbato foi reinaugurado com pe\u00e7a de circuito nacional e contou com a presen\u00e7a do vice-presidente da Rep\u00fablica e ministro do Desenvolvimento da Ind\u00fastria e Com\u00e9rcio, Geraldo Alckmin.<span class=\"Apple-converted-space\">\u00a0<\/span>O evento foi aberto ao p\u00fablico, com entrada gratuita, para a pe\u00e7a &#8220;Delicadeza e Compaix\u00e3o: Fragmentos de Lya Luft&#8221;, estrelada pela atriz Julia Lemmertz.<\/span><\/p>\n<p>Alckmin, que \u00e9 amigo da atriz, fez quest\u00e3o de prestigiar a pe\u00e7a no s\u00e1bado, no teatro que fica no Setor Comercial Sul. Ele foi acompanhado da esposa, Lu Alckmin.<\/p>\n<p><img loading=\"lazy\" decoding=\"async\" class=\"aligncenter size-medium wp-image-18400\" src=\"https:\/\/blogs.correiobraziliense.com.br\/capital-sa\/wp-content\/uploads\/sites\/59\/2025\/02\/IMG_2405-300x191.jpeg\" alt=\"\" width=\"300\" height=\"191\" srcset=\"https:\/\/blogs.correiobraziliense.com.br\/capital-sa\/wp-content\/uploads\/sites\/59\/2025\/02\/IMG_2405-300x191.jpeg 300w, https:\/\/blogs.correiobraziliense.com.br\/capital-sa\/wp-content\/uploads\/sites\/59\/2025\/02\/IMG_2405-768x490.jpeg 768w, https:\/\/blogs.correiobraziliense.com.br\/capital-sa\/wp-content\/uploads\/sites\/59\/2025\/02\/IMG_2405-1024x653.jpeg 1024w, https:\/\/blogs.correiobraziliense.com.br\/capital-sa\/wp-content\/uploads\/sites\/59\/2025\/02\/IMG_2405-800x510.jpeg 800w, https:\/\/blogs.correiobraziliense.com.br\/capital-sa\/wp-content\/uploads\/sites\/59\/2025\/02\/IMG_2405-550x351.jpeg 550w, https:\/\/blogs.correiobraziliense.com.br\/capital-sa\/wp-content\/uploads\/sites\/59\/2025\/02\/IMG_2405-230x147.jpeg 230w, https:\/\/blogs.correiobraziliense.com.br\/capital-sa\/wp-content\/uploads\/sites\/59\/2025\/02\/IMG_2405.jpeg 1170w\" sizes=\"auto, (max-width: 300px) 100vw, 300px\" \/><\/p>\n<p class=\"p1\"><span class=\"s1\">Com dire\u00e7\u00e3o de Ant\u00f4nio Gilberto, \u00e9 uma celebra\u00e7\u00e3o da obra de Lya (1938-2021), escritora e psicanalista que marcou a literatura com suas reflex\u00f5es sobre a exist\u00eancia humana, as rela\u00e7\u00f5es familiares e o papel da mulher na sociedade.<br \/>\n<\/span><\/p>\n<p>Alckmin foi recebido pelo diretor do Sesc\/DF, Valcides de Ara\u00fajo, e o pelo gerente de cultura do Sesc, Leonardo Hernandes.<\/p>\n<p><strong>Programa\u00e7\u00e3o<\/strong><\/p>\n<p>\u201cTivemos casa cheia nos dois dias de espet\u00e1culo, o que nos indica a grande demanda que temos no DF por cultura. Indico ao p\u00fablico que acompanhe nossa programa\u00e7\u00e3o, que est\u00e1 repleta de atra\u00e7\u00f5es nacionais, sempre mescladas com artistas locais\u201d, celebrou o diretor do Sesc\/DF.<\/p>\n","protected":false},"excerpt":{"rendered":"<p>Por Samanta Sallum\u00a0 O Teatro Sesc Silvio Barbato foi reinaugurado com pe\u00e7a de circuito nacional e contou com a presen\u00e7a do vice-presidente da Rep\u00fablica e ministro do Desenvolvimento da Ind\u00fastria e Com\u00e9rcio, Geraldo Alckmin.\u00a0O evento foi aberto ao p\u00fablico, com entrada gratuita, para a pe\u00e7a &#8220;Delicadeza e Compaix\u00e3o: Fragmentos de Lya Luft&#8221;, estrelada pela atriz Julia Lemmertz. Alckmin, que \u00e9 [&hellip;]<\/p>\n","protected":false},"author":125,"featured_media":18403,"comment_status":"open","ping_status":"open","sticky":false,"template":"","format":"standard","meta":{"footnotes":""},"categories":[6],"tags":[2751,574,2130,2749,2752,2124,2750,459,2737,62],"class_list":["post-18393","post","type-post","status-publish","format-standard","has-post-thumbnail","hentry","category-coluna-capital-s-a","tag-antoniogilberto","tag-cultura","tag-geraldoalckimin","tag-julialemmertz","tag-leonardohernandes","tag-lualckmin","tag-lyaluft","tag-teatro","tag-valcidesdearaujosilva","tag-sesc"],"_links":{"self":[{"href":"https:\/\/blogs.correiobraziliense.com.br\/capital-sa\/wp-json\/wp\/v2\/posts\/18393","targetHints":{"allow":["GET"]}}],"collection":[{"href":"https:\/\/blogs.correiobraziliense.com.br\/capital-sa\/wp-json\/wp\/v2\/posts"}],"about":[{"href":"https:\/\/blogs.correiobraziliense.com.br\/capital-sa\/wp-json\/wp\/v2\/types\/post"}],"author":[{"embeddable":true,"href":"https:\/\/blogs.correiobraziliense.com.br\/capital-sa\/wp-json\/wp\/v2\/users\/125"}],"replies":[{"embeddable":true,"href":"https:\/\/blogs.correiobraziliense.com.br\/capital-sa\/wp-json\/wp\/v2\/comments?post=18393"}],"version-history":[{"count":10,"href":"https:\/\/blogs.correiobraziliense.com.br\/capital-sa\/wp-json\/wp\/v2\/posts\/18393\/revisions"}],"predecessor-version":[{"id":18408,"href":"https:\/\/blogs.correiobraziliense.com.br\/capital-sa\/wp-json\/wp\/v2\/posts\/18393\/revisions\/18408"}],"wp:featuredmedia":[{"embeddable":true,"href":"https:\/\/blogs.correiobraziliense.com.br\/capital-sa\/wp-json\/wp\/v2\/media\/18403"}],"wp:attachment":[{"href":"https:\/\/blogs.correiobraziliense.com.br\/capital-sa\/wp-json\/wp\/v2\/media?parent=18393"}],"wp:term":[{"taxonomy":"category","embeddable":true,"href":"https:\/\/blogs.correiobraziliense.com.br\/capital-sa\/wp-json\/wp\/v2\/categories?post=18393"},{"taxonomy":"post_tag","embeddable":true,"href":"https:\/\/blogs.correiobraziliense.com.br\/capital-sa\/wp-json\/wp\/v2\/tags?post=18393"}],"curies":[{"name":"wp","href":"https:\/\/api.w.org\/{rel}","templated":true}]}}