{"id":18389,"date":"2025-02-03T08:08:26","date_gmt":"2025-02-03T11:08:26","guid":{"rendered":"https:\/\/blogs.correiobraziliense.com.br\/capital-sa\/?p=18389"},"modified":"2025-02-03T10:28:17","modified_gmt":"2025-02-03T13:28:17","slug":"bares-e-restaurantes-atingem-recorde-de-empregos-no-pais","status":"publish","type":"post","link":"https:\/\/blogs.correiobraziliense.com.br\/capital-sa\/2025\/02\/03\/bares-e-restaurantes-atingem-recorde-de-empregos-no-pais\/","title":{"rendered":"Bares e restaurantes atingem recorde de empregos no pa\u00eds"},"content":{"rendered":"<p class=\"p1\"><strong>Por Samanta Sallum\u00a0<\/strong><\/p>\n<p class=\"p1\"><span class=\"s1\">Com crescimento de 4,2%, setor de bares e restaurantes superou a m\u00e9dia nacional e registrou o maior n\u00famero de trabalhadores em toda a s\u00e9rie hist\u00f3rica, que come\u00e7ou em 2016. Segundo a PNAD, o setor criou<span class=\"Apple-converted-space\">\u00a0<\/span>230 mil novas vagas de emprego em 2024. A m\u00e9dia nacional ficou em 0,8%. O levantamento considera os dados da categoria Alojamento e Alimenta\u00e7\u00e3o, na qual bares e restaurantes respondem por cerca de 85% das vagas de trabalho.<\/span><\/p>\n<p class=\"p1\"><span class=\"s1\"><strong> 5,74 milh\u00f5es<\/strong><br \/>\n<\/span>\u00c9 o n\u00famero de pessoas empregadas<\/p>\n<p class=\"p1\"><span class=\"s1\">Um estudo da Funda\u00e7\u00e3o Get\u00falio Vargas, realizado em parceria com a Abrasel, revela que, para cada 1 mil empregos diretamente gerados em bares e restaurantes, surgem 2.250 empregos adicionais em outros setores da economia.<\/span><\/p>\n<p class=\"p1\"><strong><span class=\"s1\">Sal\u00e1rios mais altos <\/span><\/strong><\/p>\n<p class=\"p1\"><span class=\"s1\">O setor tamb\u00e9m teve um avan\u00e7o significativo na remunera\u00e7\u00e3o dos trabalhadores. O sal\u00e1rio m\u00e9dio alcan\u00e7ou R$ 2.190, o maior j\u00e1 registrado, representando um crescimento de 5,8% em um ano.<\/span><\/p>\n","protected":false},"excerpt":{"rendered":"<p>Por Samanta Sallum\u00a0 Com crescimento de 4,2%, setor de bares e restaurantes superou a m\u00e9dia nacional e registrou o maior n\u00famero de trabalhadores em toda a s\u00e9rie hist\u00f3rica, que come\u00e7ou em 2016. Segundo a PNAD, o setor criou\u00a0230 mil novas vagas de emprego em 2024. A m\u00e9dia nacional ficou em 0,8%. O levantamento considera os dados da categoria Alojamento e [&hellip;]<\/p>\n","protected":false},"author":125,"featured_media":18392,"comment_status":"open","ping_status":"open","sticky":false,"template":"","format":"standard","meta":{"footnotes":""},"categories":[6],"tags":[712,221,408,276,2748,2746,2747,222,1397,340,782],"class_list":["post-18389","post","type-post","status-publish","format-standard","has-post-thumbnail","hentry","category-coluna-capital-s-a","tag-abrasel","tag-bares","tag-crescimento","tag-economia","tag-fgv","tag-pnad","tag-remuneracao","tag-restaurantes","tag-salarios","tag-trabalho","tag-emprego"],"_links":{"self":[{"href":"https:\/\/blogs.correiobraziliense.com.br\/capital-sa\/wp-json\/wp\/v2\/posts\/18389","targetHints":{"allow":["GET"]}}],"collection":[{"href":"https:\/\/blogs.correiobraziliense.com.br\/capital-sa\/wp-json\/wp\/v2\/posts"}],"about":[{"href":"https:\/\/blogs.correiobraziliense.com.br\/capital-sa\/wp-json\/wp\/v2\/types\/post"}],"author":[{"embeddable":true,"href":"https:\/\/blogs.correiobraziliense.com.br\/capital-sa\/wp-json\/wp\/v2\/users\/125"}],"replies":[{"embeddable":true,"href":"https:\/\/blogs.correiobraziliense.com.br\/capital-sa\/wp-json\/wp\/v2\/comments?post=18389"}],"version-history":[{"count":4,"href":"https:\/\/blogs.correiobraziliense.com.br\/capital-sa\/wp-json\/wp\/v2\/posts\/18389\/revisions"}],"predecessor-version":[{"id":18405,"href":"https:\/\/blogs.correiobraziliense.com.br\/capital-sa\/wp-json\/wp\/v2\/posts\/18389\/revisions\/18405"}],"wp:featuredmedia":[{"embeddable":true,"href":"https:\/\/blogs.correiobraziliense.com.br\/capital-sa\/wp-json\/wp\/v2\/media\/18392"}],"wp:attachment":[{"href":"https:\/\/blogs.correiobraziliense.com.br\/capital-sa\/wp-json\/wp\/v2\/media?parent=18389"}],"wp:term":[{"taxonomy":"category","embeddable":true,"href":"https:\/\/blogs.correiobraziliense.com.br\/capital-sa\/wp-json\/wp\/v2\/categories?post=18389"},{"taxonomy":"post_tag","embeddable":true,"href":"https:\/\/blogs.correiobraziliense.com.br\/capital-sa\/wp-json\/wp\/v2\/tags?post=18389"}],"curies":[{"name":"wp","href":"https:\/\/api.w.org\/{rel}","templated":true}]}}