{"id":18375,"date":"2025-01-31T11:36:11","date_gmt":"2025-01-31T14:36:11","guid":{"rendered":"https:\/\/blogs.correiobraziliense.com.br\/capital-sa\/?p=18375"},"modified":"2025-01-31T13:52:23","modified_gmt":"2025-01-31T16:52:23","slug":"produtos-da-cesta-basica-tiveram-aumento-de-40-no-ultimo-ano-veja-quais","status":"publish","type":"post","link":"https:\/\/blogs.correiobraziliense.com.br\/capital-sa\/2025\/01\/31\/produtos-da-cesta-basica-tiveram-aumento-de-40-no-ultimo-ano-veja-quais\/","title":{"rendered":"Produtos da cesta b\u00e1sica tiveram aumento de 40% no \u00faltimo ano. Veja quais"},"content":{"rendered":"<p><em><span class=\"s1\">Entre os produtos b\u00e1sicos, a principal varia\u00e7\u00e3o foi registrada no\u00a0<\/span>caf\u00e9 torrado e mo\u00eddo (+39,60%), seguido por \u00f3leo de soja (+29,22%) e leite longa vida (+18,83%). J\u00e1 as quedas foram puxadas pelo feij\u00e3o (-8,58%) e pelo a\u00e7\u00facar refinado (-0,41%).<\/em><\/p>\n<p class=\"p1\"><strong>Por Samanta Sallum\u00a0<\/strong><\/p>\n<p class=\"p1\">A cesta de alimentos b\u00e1sicos com 12 produtos teve alta de 14,22% ao longo de 2024. Em dezembro do ano passado, era necess\u00e1rio desembolsar R$ 345,23. No mesmo per\u00edodo de 2023, o custo era de R$ 302,24. Os dados s\u00e3o da Associa\u00e7\u00e3o Brasileira de Supermercados (Abras).<\/p>\n<p class=\"p1\">Na cesta com \u00a035 produtos de largo consumo, a alta foi de 9,96%. Subiu de R<strong><span class=\"s1\">$ 722,57 em 2023 para R$ 794,56, em 2024,\u00a0<\/span>na m\u00e9dia nacional.<\/strong><\/p>\n<p class=\"p1\"><em><span class=\"s1\">Carne bovina mais cara\u00a0<\/span><\/em><\/p>\n<p class=\"p1\"><span class=\"s1\">No \u00faltimo trimestre, fatores clim\u00e1ticos, aumento das exporta\u00e7\u00f5es\u00a0<\/span>de carnes e a demanda interna mais aquecida elevaram os pre\u00e7os da cesta de prote\u00edna. As maiores altas no ano foram registradas na carne bovina &#8211; cortes do dianteiro (+25,25%).<\/p>\n<p class=\"p1\"><span class=\"s1\">Entre os produtos b\u00e1sicos, a principal varia\u00e7\u00e3o foi observada no\u00a0<\/span>caf\u00e9 torrado e mo\u00eddo (+39,60%), seguido por \u00f3leo de soja (+29,22%), leite longa vida (+18,83%), arroz (+8,24%). J\u00e1 as quedas foram puxadas pelo feij\u00e3o (-8,58%) e pelo a\u00e7\u00facar refinado (-0,41%).<\/p>\n<p class=\"p1\">Os pre\u00e7os dos hortifrutigranjeiros registraram defla\u00e7\u00e3o no ano: cebola (-35,31%), tomate (-25,87%), batata (-12,54%).<\/p>\n<p class=\"p1\"><strong><span class=\"s1\">Alta no Centro-Oeste <\/span><\/strong><\/p>\n<p class=\"p1\"><span class=\"s1\">Na an\u00e1lise por regi\u00e3o, a maior alta da cesta b\u00e1sica veio do Sudeste (+17,05%), seguida por<span class=\"Apple-converted-space\">\u00a0<\/span>Centro-Oeste (+15,76%), Nordeste (+12,15%),\u00a0<\/span>Sul (+12,04%) e Norte (+9,94%).<\/p>\n","protected":false},"excerpt":{"rendered":"<p>Entre os produtos b\u00e1sicos, a principal varia\u00e7\u00e3o foi registrada no\u00a0caf\u00e9 torrado e mo\u00eddo (+39,60%), seguido por \u00f3leo de soja (+29,22%) e leite longa vida (+18,83%). J\u00e1 as quedas foram puxadas pelo feij\u00e3o (-8,58%) e pelo a\u00e7\u00facar refinado (-0,41%). Por Samanta Sallum\u00a0 A cesta de alimentos b\u00e1sicos com 12 produtos teve alta de 14,22% ao longo de 2024. Em dezembro do [&hellip;]<\/p>\n","protected":false},"author":125,"featured_media":18383,"comment_status":"open","ping_status":"open","sticky":false,"template":"","format":"standard","meta":{"footnotes":""},"categories":[6],"tags":[1827,1457,2745,1981,276],"class_list":["post-18375","post","type-post","status-publish","format-standard","has-post-thumbnail","hentry","category-coluna-capital-s-a","tag-abras","tag-alimentacao","tag-carestia","tag-cestabasica","tag-economia"],"_links":{"self":[{"href":"https:\/\/blogs.correiobraziliense.com.br\/capital-sa\/wp-json\/wp\/v2\/posts\/18375","targetHints":{"allow":["GET"]}}],"collection":[{"href":"https:\/\/blogs.correiobraziliense.com.br\/capital-sa\/wp-json\/wp\/v2\/posts"}],"about":[{"href":"https:\/\/blogs.correiobraziliense.com.br\/capital-sa\/wp-json\/wp\/v2\/types\/post"}],"author":[{"embeddable":true,"href":"https:\/\/blogs.correiobraziliense.com.br\/capital-sa\/wp-json\/wp\/v2\/users\/125"}],"replies":[{"embeddable":true,"href":"https:\/\/blogs.correiobraziliense.com.br\/capital-sa\/wp-json\/wp\/v2\/comments?post=18375"}],"version-history":[{"count":12,"href":"https:\/\/blogs.correiobraziliense.com.br\/capital-sa\/wp-json\/wp\/v2\/posts\/18375\/revisions"}],"predecessor-version":[{"id":18388,"href":"https:\/\/blogs.correiobraziliense.com.br\/capital-sa\/wp-json\/wp\/v2\/posts\/18375\/revisions\/18388"}],"wp:featuredmedia":[{"embeddable":true,"href":"https:\/\/blogs.correiobraziliense.com.br\/capital-sa\/wp-json\/wp\/v2\/media\/18383"}],"wp:attachment":[{"href":"https:\/\/blogs.correiobraziliense.com.br\/capital-sa\/wp-json\/wp\/v2\/media?parent=18375"}],"wp:term":[{"taxonomy":"category","embeddable":true,"href":"https:\/\/blogs.correiobraziliense.com.br\/capital-sa\/wp-json\/wp\/v2\/categories?post=18375"},{"taxonomy":"post_tag","embeddable":true,"href":"https:\/\/blogs.correiobraziliense.com.br\/capital-sa\/wp-json\/wp\/v2\/tags?post=18375"}],"curies":[{"name":"wp","href":"https:\/\/api.w.org\/{rel}","templated":true}]}}