{"id":18350,"date":"2025-01-28T18:01:59","date_gmt":"2025-01-28T21:01:59","guid":{"rendered":"https:\/\/blogs.correiobraziliense.com.br\/capital-sa\/?p=18350"},"modified":"2025-01-29T02:10:47","modified_gmt":"2025-01-29T05:10:47","slug":"todo-governo-manda-delegado-para-geladeira-afirma-presidente-da-adpf","status":"publish","type":"post","link":"https:\/\/blogs.correiobraziliense.com.br\/capital-sa\/2025\/01\/28\/todo-governo-manda-delegado-para-geladeira-afirma-presidente-da-adpf\/","title":{"rendered":"\u201cTodo governo manda delegado para geladeira\u201d, afirma presidente da ADPF"},"content":{"rendered":"<p class=\"p2\"><em>Entidade que representa delegados federais\u00a0 ressalta que Lava-Jato foi \u201copera\u00e7\u00e3o exitosa\u201d<\/em><\/p>\n<p class=\"p2\"><strong><span class=\"s1\">Por Samanta Sallum <\/span><\/strong><\/p>\n<p class=\"p2\"><span class=\"s1\">O presidente da Associa\u00e7\u00e3o Nacional dos Delegados de Pol\u00edcia Federal (ADPF), Luciano Leiro, repercutiu a entrevista do diretor-geral da institui\u00e7\u00e3o, Andrei Rodrigues, no programa Roda Vida, transmitido ontem pela TV Cultura. Leiro afirmou que, quando um novo presidente da Rep\u00fablica assume, delegados que tiveram algum cargo de mais destaque ou que atuaram em opera\u00e7\u00f5es em que os alvos est\u00e3o ligados ao poder federal acabam sendo escanteados. Algo que Andrei negou que ocorra na atual gest\u00e3o do presidente de Lula.<\/span><\/p>\n<p class=\"p2\"><span class=\"s1\">\u201cSim, acontece em todos os governos. Por isso que defendemos a autonomia da Pol\u00edcia Federal e que o diretor tenha mandato, n\u00e3o podendo ser substitu\u00eddo pela conveni\u00eancia pol\u00edtica. No governo Bolsonaro, tivemos quatro diretores. Isso foi muito ruim. E mandar delegados para geladeira aconteceu antes e acontece agora\u201d, destacou Leiro. Ele participou do programa CB Poder, parceria entre a TV Bras\u00edlia e o Correio Braziliense.<\/span><\/p>\n<p><iframe loading=\"lazy\" title=\"PEC DA SEGURAN\u00c7A P\u00daBLICA ERRA AO DESVALORIZAR A POL\u00cdCIA FEDERAL, DIZ PRESIDENTE DA ADPF\" width=\"1440\" height=\"810\" src=\"https:\/\/www.youtube.com\/embed\/RlfF3oqa-W0?feature=oembed\" frameborder=\"0\" allow=\"accelerometer; autoplay; clipboard-write; encrypted-media; gyroscope; picture-in-picture; web-share\" referrerpolicy=\"strict-origin-when-cross-origin\" allowfullscreen><\/iframe><\/p>\n<p>O presidente da ADPF defende a opera\u00e7\u00e3o Lava-Jato, que teve processos anulados pelo Judici\u00e1rio. \u201cTem que separar a atua\u00e7\u00e3o da PF da do MP. N\u00e3o teve nenhum delegado punido pelo trabalho. A Lava-Jato foi um marco muito importante para a Pol\u00edcia Federal. Uma opera\u00e7\u00e3o exitosa. Se ocorreram erros, foram fora de nossa esfera\u201d, sustenta.<\/p>\n","protected":false},"excerpt":{"rendered":"<p>Entidade que representa delegados federais\u00a0 ressalta que Lava-Jato foi \u201copera\u00e7\u00e3o exitosa\u201d Por Samanta Sallum O presidente da Associa\u00e7\u00e3o Nacional dos Delegados de Pol\u00edcia Federal (ADPF), Luciano Leiro, repercutiu a entrevista do diretor-geral da institui\u00e7\u00e3o, Andrei Rodrigues, no programa Roda Vida, transmitido ontem pela TV Cultura. Leiro afirmou que, quando um novo presidente da Rep\u00fablica assume, delegados que tiveram algum cargo [&hellip;]<\/p>\n","protected":false},"author":125,"featured_media":18365,"comment_status":"open","ping_status":"open","sticky":false,"template":"","format":"standard","meta":{"footnotes":""},"categories":[6],"tags":[2741,2744,2742,2738,1165,2743,514,879,30,42],"class_list":["post-18350","post","type-post","status-publish","format-standard","has-post-thumbnail","hentry","category-coluna-capital-s-a","tag-andreirodrigues","tag-corrupcao","tag-lava-jato","tag-lucianoleiro","tag-lula","tag-operacao","tag-pf","tag-policiafederal","tag-adpf","tag-bolsonaro"],"_links":{"self":[{"href":"https:\/\/blogs.correiobraziliense.com.br\/capital-sa\/wp-json\/wp\/v2\/posts\/18350","targetHints":{"allow":["GET"]}}],"collection":[{"href":"https:\/\/blogs.correiobraziliense.com.br\/capital-sa\/wp-json\/wp\/v2\/posts"}],"about":[{"href":"https:\/\/blogs.correiobraziliense.com.br\/capital-sa\/wp-json\/wp\/v2\/types\/post"}],"author":[{"embeddable":true,"href":"https:\/\/blogs.correiobraziliense.com.br\/capital-sa\/wp-json\/wp\/v2\/users\/125"}],"replies":[{"embeddable":true,"href":"https:\/\/blogs.correiobraziliense.com.br\/capital-sa\/wp-json\/wp\/v2\/comments?post=18350"}],"version-history":[{"count":13,"href":"https:\/\/blogs.correiobraziliense.com.br\/capital-sa\/wp-json\/wp\/v2\/posts\/18350\/revisions"}],"predecessor-version":[{"id":18367,"href":"https:\/\/blogs.correiobraziliense.com.br\/capital-sa\/wp-json\/wp\/v2\/posts\/18350\/revisions\/18367"}],"wp:featuredmedia":[{"embeddable":true,"href":"https:\/\/blogs.correiobraziliense.com.br\/capital-sa\/wp-json\/wp\/v2\/media\/18365"}],"wp:attachment":[{"href":"https:\/\/blogs.correiobraziliense.com.br\/capital-sa\/wp-json\/wp\/v2\/media?parent=18350"}],"wp:term":[{"taxonomy":"category","embeddable":true,"href":"https:\/\/blogs.correiobraziliense.com.br\/capital-sa\/wp-json\/wp\/v2\/categories?post=18350"},{"taxonomy":"post_tag","embeddable":true,"href":"https:\/\/blogs.correiobraziliense.com.br\/capital-sa\/wp-json\/wp\/v2\/tags?post=18350"}],"curies":[{"name":"wp","href":"https:\/\/api.w.org\/{rel}","templated":true}]}}