{"id":18336,"date":"2025-01-28T15:12:36","date_gmt":"2025-01-28T18:12:36","guid":{"rendered":"https:\/\/blogs.correiobraziliense.com.br\/capital-sa\/?p=18336"},"modified":"2025-01-28T18:16:19","modified_gmt":"2025-01-28T21:16:19","slug":"presidente-lula-nao-deveria-perder-a-oportunidade-de-zerar-o-deficit-de-servidores-diz-adpf","status":"publish","type":"post","link":"https:\/\/blogs.correiobraziliense.com.br\/capital-sa\/2025\/01\/28\/presidente-lula-nao-deveria-perder-a-oportunidade-de-zerar-o-deficit-de-servidores-diz-adpf\/","title":{"rendered":"\u201cPresidente Lula n\u00e3o deveria perder a oportunidade de zerar o deficit de policiais\u201d diz ADPF"},"content":{"rendered":"<p class=\"p2\"><em>Entidade reclama do baixo or\u00e7amento da Pol\u00edcia Federal, que est\u00e1 deixando de pagar indeniza\u00e7\u00e3o sobreaviso\u00a0<\/em><\/p>\n<p class=\"p2\"><strong><span class=\"s2\">Por Samanta Sallum <\/span><\/strong><\/p>\n<p class=\"p2\"><span class=\"s2\">O presidente da Associa\u00e7\u00e3o Nacional dos Delegados de Pol\u00edcia Federal (ADPF), Luciano Leiro, afirmou que o or\u00e7amento destinado \u00e0 institui\u00e7\u00e3o para 2025 \u00e9 o menor dos \u00faltimos tr\u00eas anos. \u201cSeriam necess\u00e1rios, pelo menos, R$ 2,7 bi. E apenas destinaram R$ 1,5 bi. Tem algu\u00e9m no governo federal que n\u00e3o gosta da PF\u201d, destacou, durante entrevista ao programa CB Poder, \u00e0s jornalistas Samanta Sallum e Ana Maria Campos.<\/span><\/p>\n<p class=\"p2\"><span class=\"s2\">O or\u00e7amento da Uni\u00e3o para 2025 ainda ser\u00e1 votado no Congresso e a entidade pretende se mobilizar para tentar aumentar os recursos. E pede a atua\u00e7\u00e3o mais forte do ministro da Justi\u00e7a,\u00a0Ricardo Lewandoviski.<\/span><\/p>\n<p class=\"p2\"><span class=\"s2\">Segundo Leiro, um dos principais efeitos da escassez de recursos \u00e9 o n\u00e3o pagamento da indeniza\u00e7\u00e3o de sobreaviso dos delegados e policiais. \u201cIsso vem gerando grande insastifa\u00e7\u00e3o, pois o servidor tem uma s\u00e9rie de restri\u00e7\u00f5es na sua vida para estar \u00e0 disposi\u00e7\u00e3o do trabalho e n\u00e3o est\u00e1 recebendo. E, no final das contas, para o governo n\u00e3o representa assim tanto dinheiro, mas, para o bolso do servidor, faz muita diferen\u00e7a\u201d, refor\u00e7ou.<\/span><\/p>\n<p class=\"p2\"><span class=\"s2\">Leiro apontou, ainda, o deficit de 1,8 mil profissionais na institui\u00e7\u00e3o. E a import\u00e2ncia da libera\u00e7\u00e3o, pelo Minist\u00e9rio da Gest\u00e3o, do concurso p\u00fablico ainda neste ano. \u201cO presidente Lula pode ser o primeiro a zerar esse deficit, tem essa oportunidade\u201d, refor\u00e7a.<\/span><\/p>\n<p class=\"p2\"><span class=\"s2\">Ele ainda ressaltou que a atual remunera\u00e7\u00e3o de delegado da PF n\u00e3o est\u00e1 sendo atrativa. \u201cN\u00e3o est\u00e1 mais entre a principais op\u00e7\u00f5es de carreira para quem \u00e9 da \u00e1rea \u201c, lamentou.<\/span><\/p>\n<p class=\"p2\"><strong><span class=\"s2\">PEC da Seguran\u00e7a<\/span><\/strong><\/p>\n<p class=\"p2\"><span class=\"s2\">A Pol\u00edcia Federal enfrenta insatisfa\u00e7\u00e3o em rela\u00e7\u00e3o \u00e0 proposta da PEC da Seguran\u00e7a P\u00fablica, que n\u00e3o contempla demandas hist\u00f3ricas fundamentais da corpora\u00e7\u00e3o. \u201cA proposta fortalece a nova for\u00e7a policial, mas negligencia a necessidade de priorizar a Pol\u00edcia Federal, principal respons\u00e1vel pelo combate \u00e0 criminalidade em \u00e2mbito federal\u201d, disse Leiro.<\/span><\/p>\n<p class=\"p2\"><span class=\"s2\">Entre os principais pontos criticados est\u00e1 a aus\u00eancia de garantias plenas de autonomia funcional, administrativa e financeira, indispens\u00e1veis para assegurar a independ\u00eancia da institui\u00e7\u00e3o. <\/span><\/p>\n","protected":false},"excerpt":{"rendered":"<p>Entidade reclama do baixo or\u00e7amento da Pol\u00edcia Federal, que est\u00e1 deixando de pagar indeniza\u00e7\u00e3o sobreaviso\u00a0 Por Samanta Sallum O presidente da Associa\u00e7\u00e3o Nacional dos Delegados de Pol\u00edcia Federal (ADPF), Luciano Leiro, afirmou que o or\u00e7amento destinado \u00e0 institui\u00e7\u00e3o para 2025 \u00e9 o menor dos \u00faltimos tr\u00eas anos. \u201cSeriam necess\u00e1rios, pelo menos, R$ 2,7 bi. E apenas destinaram R$ 1,5 bi. [&hellip;]<\/p>\n","protected":false},"author":125,"featured_media":18339,"comment_status":"open","ping_status":"open","sticky":false,"template":"","format":"standard","meta":{"footnotes":""},"categories":[6],"tags":[1598,2739,2185,2738,1165,2740,1069,514,879,30],"class_list":["post-18336","post","type-post","status-publish","format-standard","has-post-thumbnail","hentry","category-coluna-capital-s-a","tag-concurso","tag-deficit","tag-economia-governofederal","tag-lucianoleiro","tag-lula","tag-ministeriodagestao","tag-orcamento","tag-pf","tag-policiafederal","tag-adpf"],"_links":{"self":[{"href":"https:\/\/blogs.correiobraziliense.com.br\/capital-sa\/wp-json\/wp\/v2\/posts\/18336","targetHints":{"allow":["GET"]}}],"collection":[{"href":"https:\/\/blogs.correiobraziliense.com.br\/capital-sa\/wp-json\/wp\/v2\/posts"}],"about":[{"href":"https:\/\/blogs.correiobraziliense.com.br\/capital-sa\/wp-json\/wp\/v2\/types\/post"}],"author":[{"embeddable":true,"href":"https:\/\/blogs.correiobraziliense.com.br\/capital-sa\/wp-json\/wp\/v2\/users\/125"}],"replies":[{"embeddable":true,"href":"https:\/\/blogs.correiobraziliense.com.br\/capital-sa\/wp-json\/wp\/v2\/comments?post=18336"}],"version-history":[{"count":9,"href":"https:\/\/blogs.correiobraziliense.com.br\/capital-sa\/wp-json\/wp\/v2\/posts\/18336\/revisions"}],"predecessor-version":[{"id":18363,"href":"https:\/\/blogs.correiobraziliense.com.br\/capital-sa\/wp-json\/wp\/v2\/posts\/18336\/revisions\/18363"}],"wp:featuredmedia":[{"embeddable":true,"href":"https:\/\/blogs.correiobraziliense.com.br\/capital-sa\/wp-json\/wp\/v2\/media\/18339"}],"wp:attachment":[{"href":"https:\/\/blogs.correiobraziliense.com.br\/capital-sa\/wp-json\/wp\/v2\/media?parent=18336"}],"wp:term":[{"taxonomy":"category","embeddable":true,"href":"https:\/\/blogs.correiobraziliense.com.br\/capital-sa\/wp-json\/wp\/v2\/categories?post=18336"},{"taxonomy":"post_tag","embeddable":true,"href":"https:\/\/blogs.correiobraziliense.com.br\/capital-sa\/wp-json\/wp\/v2\/tags?post=18336"}],"curies":[{"name":"wp","href":"https:\/\/api.w.org\/{rel}","templated":true}]}}